{"id":11707,"date":"2024-12-21T16:25:59","date_gmt":"2024-12-21T15:25:59","guid":{"rendered":"https:\/\/entretormentas.com\/?p=11707"},"modified":"2024-12-21T16:26:00","modified_gmt":"2024-12-21T15:26:00","slug":"apoyo-gobierno-de-espana-concede-el-estatuto-de-asilo-a-edmundo-gonzalez","status":"publish","type":"post","link":"https:\/\/entretormentas.com\/apoyo-gobierno-de-espana-concede-el-estatuto-de-asilo-a-edmundo-gonzalez\/","title":{"rendered":"\u00a1APOYO! Gobierno de Espa\u00f1a concede el estatuto de asilo a Edmundo Gonz\u00e1lez"},"content":{"rendered":"\n<p><strong>ENTRE TORMENTAS. <\/strong>El ministro espa\u00f1ol de Exteriores, Jos\u00e9 Manuel Albares, confirm\u00f3 que Espa\u00f1a ha concedido al presidente electo Edmundo Gonz\u00e1lez Urrutia, el estatuto de asilo que hab\u00eda solicitado tras su llegada a Espa\u00f1a el pasado 8 de septiembre, y que se le notificar\u00e1 en los pr\u00f3ximos d\u00edas.<\/p>\n\n\n\n<p>Albares lo explic\u00f3 en declaraciones a los periodistas antes de intervenir en la comisi\u00f3n de Asuntos Iberoamericanos del Senado.<\/p>\n\n\n\n<p>Dijo el ministro, mantuvo la ma\u00f1ana de este viernes 20 de diciembre un desayuno de trabajo con Gonz\u00e1lez Urrutia para analizar tanto su situaci\u00f3n personal como la de Venezuela y le traslad\u00f3 las conclusiones del \u00faltimo Consejo Europeo en relaci\u00f3n con su pa\u00eds.<\/p>\n\n\n\n<p>Los 27, record\u00f3 el ministro en este sentido, adopt\u00f3 por unanimidad solicitar \u00abuna transici\u00f3n inclusiva pac\u00edfica, democr\u00e1tica, el respeto a los derechos humanos y la liberaci\u00f3n de todos los presos pol\u00edticos\u00bb.<\/p>\n\n\n\n<p>Sobre la intenci\u00f3n de Edmundo Gonz\u00e1lez de acudir el 10 de enero a Venezuela para jurar como presidente, el ministro se\u00f1al\u00f3 que no iba a desvelar los detalles \u00abprecisos\u00bb de la conversaci\u00f3n privada que tuvieron y se remiti\u00f3 a lo que \u00e9l ya ha dicho al respecto en varias ocasiones.<\/p>\n\n\n\n<p>Gonz\u00e1lez Urrutia, a trav\u00e9s de su cuenta de X, dio cuenta tambi\u00e9n de esta reuni\u00f3n con Albares, poniendo el foco en el documento del Consejo Europeo, donde tambi\u00e9n se pone tambi\u00e9n de relieve \u2013se\u00f1ala\u2013 que la Uni\u00f3n Europea \u00abmovilizar\u00e1 todas las herramientas a su disposici\u00f3n para apoyar la democracia y una transici\u00f3n pac\u00edfica e inclusiva de Venezuela\u00bb.<\/p>\n\n\n\n<p>\u00abMe he reunido con el Ministro de Asuntos Exteriores, Jos\u00e9 Manuel Albares, quien me ha ratificado la posici\u00f3n del Estado espa\u00f1ol plasmada en el documento del Consejo Europeo donde el organismo pide la liberaci\u00f3n de todos los detenidos pol\u00edticos y exige que Venezuela mantenga sus compromisos en virtud del derecho internacional. El documento, puntualiza que \u2018la Uni\u00f3n Europea movilizar\u00e1 todas las herramientas a su disposici\u00f3n para apoyar la democracia y una transici\u00f3n pac\u00edfica e inclusiva en Venezuela'\u00bb, escribi\u00f3.<br><strong><em>ET \/ EFE<\/em><\/strong><\/p>\n","protected":false},"excerpt":{"rendered":"<p>ENTRE TORMENTAS. El ministro espa\u00f1ol de Exteriores, Jos\u00e9 Manuel Albares, confirm\u00f3 que Espa\u00f1a ha concedido&#8230;<\/p>\n","protected":false},"author":2,"featured_media":11708,"comment_status":"closed","ping_status":"open","sticky":false,"template":"","format":"standard","meta":{"footnotes":""},"categories":[56,48],"tags":[],"class_list":["post-11707","post","type-post","status-publish","format-standard","has-post-thumbnail","hentry","category-destacadas","category-internacionales"],"_links":{"self":[{"href":"https:\/\/entretormentas.com\/index.php?rest_route=\/wp\/v2\/posts\/11707","targetHints":{"allow":["GET"]}}],"collection":[{"href":"https:\/\/entretormentas.com\/index.php?rest_route=\/wp\/v2\/posts"}],"about":[{"href":"https:\/\/entretormentas.com\/index.php?rest_route=\/wp\/v2\/types\/post"}],"author":[{"embeddable":true,"href":"https:\/\/entretormentas.com\/index.php?rest_route=\/wp\/v2\/users\/2"}],"replies":[{"embeddable":true,"href":"https:\/\/entretormentas.com\/index.php?rest_route=%2Fwp%2Fv2%2Fcomments&post=11707"}],"version-history":[{"count":1,"href":"https:\/\/entretormentas.com\/index.php?rest_route=\/wp\/v2\/posts\/11707\/revisions"}],"predecessor-version":[{"id":11709,"href":"https:\/\/entretormentas.com\/index.php?rest_route=\/wp\/v2\/posts\/11707\/revisions\/11709"}],"wp:featuredmedia":[{"embeddable":true,"href":"https:\/\/entretormentas.com\/index.php?rest_route=\/wp\/v2\/media\/11708"}],"wp:attachment":[{"href":"https:\/\/entretormentas.com\/index.php?rest_route=%2Fwp%2Fv2%2Fmedia&parent=11707"}],"wp:term":[{"taxonomy":"category","embeddable":true,"href":"https:\/\/entretormentas.com\/index.php?rest_route=%2Fwp%2Fv2%2Fcategories&post=11707"},{"taxonomy":"post_tag","embeddable":true,"href":"https:\/\/entretormentas.com\/index.php?rest_route=%2Fwp%2Fv2%2Ftags&post=11707"}],"curies":[{"name":"wp","href":"https:\/\/api.w.org\/{rel}","templated":true}]}}