{"id":11722,"date":"2024-12-23T09:19:43","date_gmt":"2024-12-23T08:19:43","guid":{"rendered":"https:\/\/entretormentas.com\/?p=11722"},"modified":"2024-12-23T09:19:45","modified_gmt":"2024-12-23T08:19:45","slug":"a-traves-de-la-fundacion-nino-zuliano-gobernacion-entrega-lentes-correctivos-a-100-escolares","status":"publish","type":"post","link":"https:\/\/entretormentas.com\/a-traves-de-la-fundacion-nino-zuliano-gobernacion-entrega-lentes-correctivos-a-100-escolares\/","title":{"rendered":"\u00a1A TRAV\u00c9S DE LA FUNDACI\u00d3N NI\u00d1O ZULIANO! Gobernaci\u00f3n entrega lentes correctivos a 100 escolares"},"content":{"rendered":"\n<p><strong>ENTRE TORMENTAS.<\/strong> Hoy lo que era un sue\u00f1o para padres y representantes es una realidad en favor del nutrido grupo de \u00e9stos entusiastas peque\u00f1os, en edades comprendidas entre los 2 a 5 a\u00f1os.<\/p>\n\n\n\n<p>La luz, figuras, formas, colores, brillo o poder apreciar mejor el contenido de sus libros pueden realizarlo satisfactoriamente cien estudiantes, &#8211;entre 2 a 5 a\u00f1os de edad&#8211;, del centro de educaci\u00f3n inicial \u00abRafael Urdaneta\u00bb, adscrito a la Fundaci\u00f3n Ni\u00f1o Zuliano, quienes fueron dotados de lentes correctivos luego de una jornada realizada por especialistas de Fadezul<\/p>\n\n\n\n<p>Gracias a la gesti\u00f3n del gobernador Manuel Rosales Guerrero y al compromiso con la educaci\u00f3n inicial que lleva adelante la primera dama del estado Zulia, Eveling Trejo de Rosales, fueron beneficiados 100 ni\u00f1os del centro de educaci\u00f3n inicial \u00abRafael Urdaneta\u00bb, instituci\u00f3n adscrita a la Fundaci\u00f3n Ni\u00f1o Zuliano dirigida por ella.<\/p>\n\n\n\n<p>D\u00edas antes de la entrega de los accesorios visuales, funcionarios de la Fundaci\u00f3n&nbsp;Amigos del Estudiante Zuliano, Fadezul, visitaron las instalaciones del CEI \u00abRafael Urdaneta\u00bb, donde captaron y evaluaron la condici\u00f3n visual de cada peque\u00f1o.<\/p>\n\n\n\n<p>Las monturas de diversa variedad de colores benefician a los estudiantes por su calidad, buen estilo y modernidad, resaltando la nueva cara del modelo educativo que impulsa la Gobernaci\u00f3n del Zulia en las escuelas de la regi\u00f3n.<\/p>\n\n\n\n<p>La primera dama y presidente de la Fundaci\u00f3n Ni\u00f1o Zuliano, Eveling Trejo de Rosales, dijo sentirse contenta, afirmando que \u00abestoy muy feliz por lo que vemos hoy en estos espacios que representan el futuro del estado Zulia. Esto se asemeja y se conjuga con nuestras acciones y principios a corto y largo plazo, ya que a trav\u00e9s de estos cambios, los ni\u00f1os son felices, se motivan a estudiar y cosechan metas que a largo plazo los convierten en hombres y mujeres de bien.\u00bb.<\/p>\n\n\n\n<figure class=\"wp-block-image size-large\"><img fetchpriority=\"high\" decoding=\"async\" width=\"1024\" height=\"576\" src=\"https:\/\/entretormentas.com\/wp-content\/uploads\/2024\/12\/image-494-1024x576.png\" alt=\"\" class=\"wp-image-11724\" srcset=\"https:\/\/entretormentas.com\/wp-content\/uploads\/2024\/12\/image-494-1024x576.png 1024w, https:\/\/entretormentas.com\/wp-content\/uploads\/2024\/12\/image-494-300x169.png 300w, https:\/\/entretormentas.com\/wp-content\/uploads\/2024\/12\/image-494-768x432.png 768w, https:\/\/entretormentas.com\/wp-content\/uploads\/2024\/12\/image-494.png 1280w\" sizes=\"(max-width: 1024px) 100vw, 1024px\" \/><\/figure>\n\n\n\n<p>Asimismo, salud\u00f3 la visita de los funcionarios de Fadezul, de su presidenta, Imergla Duarte y de todo el equipo que la acompa\u00f1a, destacando el reconocimiento al equipo profesional de especialistas, encargados de detectar las distintas patolog\u00edas visuales que afectan a los escolares zulianos.<\/p>\n\n\n\n<p><strong>FADEZUL SEGUIR\u00c1 CON OTRAS JORNADAS<\/strong><br>Es importante destacar que las enfermedades visuales no s\u00f3lo afectan a adultos, abuelos, padres, madres, t\u00edas o vecinos, sino a los m\u00e1s peque\u00f1os de la familia. Por eso, la Gobernaci\u00f3n del Zulia a trav\u00e9s de Fadezul con un alto sentido de responsabilidad social y compromiso ciudadano, inserta programas dirigidos a distintos estratos y categor\u00edas de la sociedad para brindar m\u00e1s oportunidades y m\u00e1s calidad de vida.<\/p>\n\n\n\n<p>La etapa de la escolaridad y su diversidad de condiciones permite la puesta en marcha del programa \u00abCon Buenos Ojos Escolar\u00bb dirigido a atender a los ni\u00f1os y ni\u00f1as pertenecientes a la Fundaci\u00f3n Ni\u00f1o Zuliano, instituci\u00f3n que en nuestro pa\u00eds es ejemplo y bandera de inclusi\u00f3n y defensa social de los m\u00e1s vulnerables.<\/p>\n\n\n\n<p>En ese sentido, la primera dama del Zulia, Eveling de Rosales y todo el personal de la fundaci\u00f3n, estrechan lazos y relaciones institucionales como un solo equipo. As\u00ed, bajo esta m\u00edstica de trabajo en la sede principal y en otros centros educativos, hoy suma esfuerzos que garantizan la mano amiga del programa \u00abCon Buenos Ojos Escolar\u00bb, teniendo la atenci\u00f3n y el respaldo del gobernador Manuel Rosales Guerrero para mantener el estandarte de la inclusi\u00f3n social dirigido a los m\u00e1s peque\u00f1os.<br><strong><em>ET \/ Nota de Prensa<\/em><\/strong><\/p>\n","protected":false},"excerpt":{"rendered":"<p>ENTRE TORMENTAS. Hoy lo que era un sue\u00f1o para padres y representantes es una realidad&#8230;<\/p>\n","protected":false},"author":2,"featured_media":11723,"comment_status":"closed","ping_status":"open","sticky":false,"template":"","format":"standard","meta":{"footnotes":""},"categories":[57,1],"tags":[],"class_list":["post-11722","post","type-post","status-publish","format-standard","has-post-thumbnail","hentry","category-actualidad","category-regionales"],"_links":{"self":[{"href":"https:\/\/entretormentas.com\/index.php?rest_route=\/wp\/v2\/posts\/11722","targetHints":{"allow":["GET"]}}],"collection":[{"href":"https:\/\/entretormentas.com\/index.php?rest_route=\/wp\/v2\/posts"}],"about":[{"href":"https:\/\/entretormentas.com\/index.php?rest_route=\/wp\/v2\/types\/post"}],"author":[{"embeddable":true,"href":"https:\/\/entretormentas.com\/index.php?rest_route=\/wp\/v2\/users\/2"}],"replies":[{"embeddable":true,"href":"https:\/\/entretormentas.com\/index.php?rest_route=%2Fwp%2Fv2%2Fcomments&post=11722"}],"version-history":[{"count":1,"href":"https:\/\/entretormentas.com\/index.php?rest_route=\/wp\/v2\/posts\/11722\/revisions"}],"predecessor-version":[{"id":11725,"href":"https:\/\/entretormentas.com\/index.php?rest_route=\/wp\/v2\/posts\/11722\/revisions\/11725"}],"wp:featuredmedia":[{"embeddable":true,"href":"https:\/\/entretormentas.com\/index.php?rest_route=\/wp\/v2\/media\/11723"}],"wp:attachment":[{"href":"https:\/\/entretormentas.com\/index.php?rest_route=%2Fwp%2Fv2%2Fmedia&parent=11722"}],"wp:term":[{"taxonomy":"category","embeddable":true,"href":"https:\/\/entretormentas.com\/index.php?rest_route=%2Fwp%2Fv2%2Fcategories&post=11722"},{"taxonomy":"post_tag","embeddable":true,"href":"https:\/\/entretormentas.com\/index.php?rest_route=%2Fwp%2Fv2%2Ftags&post=11722"}],"curies":[{"name":"wp","href":"https:\/\/api.w.org\/{rel}","templated":true}]}}