{"id":11730,"date":"2024-12-23T09:29:53","date_gmt":"2024-12-23T08:29:53","guid":{"rendered":"https:\/\/entretormentas.com\/?p=11730"},"modified":"2024-12-23T09:29:53","modified_gmt":"2024-12-23T08:29:53","slug":"gerencia-de-infraestructura-un-pilar-fundamental-para-el-desarrollo-y-progreso-de-san-francisco","status":"publish","type":"post","link":"https:\/\/entretormentas.com\/gerencia-de-infraestructura-un-pilar-fundamental-para-el-desarrollo-y-progreso-de-san-francisco\/","title":{"rendered":"GERENCIA DE INFRAESTRUCTURA: Un pilar fundamental para el desarrollo y progreso de San Francisco"},"content":{"rendered":"\n<p><strong>ENTRE TORMENTAS. <\/strong>En la gesti\u00f3n del alcalde Gustavo Fern\u00e1ndez, la gerencia de Infraestructura, ha ejecutado obras y proyectos que han contribuido no s\u00f3lo con el bienestar de los ciudadanos, sino tambi\u00e9n, con la prevenci\u00f3n, modernizaci\u00f3n y seguridad vial del municipio.<\/p>\n\n\n\n<p>El gerente de Infraestructura, Jos\u00e9 Luis Ram\u00edrez manifest\u00f3 que durante el 2024, esta dependencia del ejecutivo municipal ha hecho especial \u00e9nfasis en el \u00abPlan Paraguas\u00bb con la movilizaci\u00f3n de m\u00e1s de 88 mil doscientos cincuenta metros c\u00fabicos de sedimentos, abarcando una longitud de m\u00e1s de 25 kil\u00f3metros de ca\u00f1adas, recolectando alrededor de 28 mil metros c\u00fabicos de desechos s\u00f3lidos.<\/p>\n\n\n\n<p>Agreg\u00f3 que gracias a esta acci\u00f3n preventiva, cientos de familias sure\u00f1as salieron airosas, ante la arremetida de la naturaleza, por las fuertes precipitaciones que se produjeron este a\u00f1o, producto de la formaci\u00f3n de un n\u00famero considerable de ondas tropicales que afectaron a Venezuela, al Zulia y en especial a San Francisco.<\/p>\n\n\n\n<figure class=\"wp-block-image size-large\"><img fetchpriority=\"high\" decoding=\"async\" width=\"1024\" height=\"682\" src=\"https:\/\/entretormentas.com\/wp-content\/uploads\/2024\/12\/image-498-1024x682.png\" alt=\"\" class=\"wp-image-11732\" srcset=\"https:\/\/entretormentas.com\/wp-content\/uploads\/2024\/12\/image-498-1024x682.png 1024w, https:\/\/entretormentas.com\/wp-content\/uploads\/2024\/12\/image-498-300x200.png 300w, https:\/\/entretormentas.com\/wp-content\/uploads\/2024\/12\/image-498-768x512.png 768w, https:\/\/entretormentas.com\/wp-content\/uploads\/2024\/12\/image-498.png 1280w\" sizes=\"(max-width: 1024px) 100vw, 1024px\" \/><\/figure>\n\n\n\n<p>Como parte del Plan de Reasfaltado y Bacheo San Francisco 2024, Ram\u00edrez resalt\u00f3 que un multidisciplinario equipo de profesionales en materia de infraestructura logr\u00f3 colocar m\u00e1s de cinco mil ciento noventa y cinco toneladas de asfalto, recuperando una gran cantidad de v\u00edas que se encontraban en el m\u00e1s completo abandono y desidia gubernamental por administraciones anteriores.<\/p>\n\n\n\n<p>Asimismo en el \u00e1rea de demarcaci\u00f3n vial y se\u00f1alizaci\u00f3n se realizaron trabajos de m\u00e1s de 23 mil ciento cincuenta y cinco metros de demarcaci\u00f3n de brocales, m\u00e1s de dos mil 470 metros cuadrados de demarcaci\u00f3n de pasos peatonales, 11,45 kil\u00f3metros de l\u00ednea discontinua, 41,45 kil\u00f3metros de l\u00ednea continua y mil 100 instalaciones de unidades de marcadores reflectivos (Ojos de gato).<\/p>\n\n\n\n<p>Entre otros logros alcanzados este 2024 destacan la rehabilitaci\u00f3n de dos pozos artesanales y la construcci\u00f3n de un pozo comunitario en las parroquias San Francisco y Francisco Ochoa, beneficiando a m\u00e1s de 450 familias asentadas en estas comunidades.<\/p>\n\n\n\n<p>De igual forma se restaur\u00f3 la Iglesia Sant\u00edsimo Cristo de San Francisco ( Padre V\u00edlchez) \u00edcono del municipio, as\u00ed como tambi\u00e9n se acondicion\u00f3 el Complejo Deportivo Dimas Pi\u00f1a (Ordesima) para el deporte y la recreaci\u00f3n de los sanfranciscanos.<\/p>\n\n\n\n<figure class=\"wp-block-image size-large\"><img decoding=\"async\" width=\"1024\" height=\"682\" src=\"https:\/\/entretormentas.com\/wp-content\/uploads\/2024\/12\/image-499-1024x682.png\" alt=\"\" class=\"wp-image-11733\" srcset=\"https:\/\/entretormentas.com\/wp-content\/uploads\/2024\/12\/image-499-1024x682.png 1024w, https:\/\/entretormentas.com\/wp-content\/uploads\/2024\/12\/image-499-300x200.png 300w, https:\/\/entretormentas.com\/wp-content\/uploads\/2024\/12\/image-499-768x512.png 768w, https:\/\/entretormentas.com\/wp-content\/uploads\/2024\/12\/image-499.png 1280w\" sizes=\"(max-width: 1024px) 100vw, 1024px\" \/><\/figure>\n\n\n\n<p>Otra meta trazada fue el corregimiento de una socavaci\u00f3n en la calle 115 v\u00eda al kil\u00f3metro 4, donde se construy\u00f3 un muro de contenci\u00f3n de concreto armado, aceras, brocales y el reasfaltado de la v\u00eda, adem\u00e1s de acondicionar los sem\u00e1foros, para un mejor control del tr\u00e1nsito vehicular.<\/p>\n\n\n\n<p>Los residentes de las zonas recuperadas se mostraron complacidos por las labores desarrolladas durante todo el a\u00f1o, contribuyendo favorablemente con el embellecimiento, desarrollo y progreso del municipio.<\/p>\n\n\n\n<p>El alcalde Gustavo Fern\u00e1ndez, con sentido de pertenencia y un compromiso inquebrantable, mantiene su disposici\u00f3n de seguir trabajando el pr\u00f3ximo 2025 de la mano con las comunidades, hasta lograr convertir a San Francisco, en el municipio modelo, referencia en gesti\u00f3n municipal a nivel nacional.<br><strong><em>ET \/ Alcald\u00eda de San Francisco<\/em><\/strong><\/p>\n\n\n\n<p><\/p>\n","protected":false},"excerpt":{"rendered":"<p>ENTRE TORMENTAS. En la gesti\u00f3n del alcalde Gustavo Fern\u00e1ndez, la gerencia de Infraestructura, ha ejecutado&#8230;<\/p>\n","protected":false},"author":2,"featured_media":11731,"comment_status":"closed","ping_status":"open","sticky":false,"template":"","format":"standard","meta":{"footnotes":""},"categories":[57,1],"tags":[],"class_list":["post-11730","post","type-post","status-publish","format-standard","has-post-thumbnail","hentry","category-actualidad","category-regionales"],"_links":{"self":[{"href":"https:\/\/entretormentas.com\/index.php?rest_route=\/wp\/v2\/posts\/11730","targetHints":{"allow":["GET"]}}],"collection":[{"href":"https:\/\/entretormentas.com\/index.php?rest_route=\/wp\/v2\/posts"}],"about":[{"href":"https:\/\/entretormentas.com\/index.php?rest_route=\/wp\/v2\/types\/post"}],"author":[{"embeddable":true,"href":"https:\/\/entretormentas.com\/index.php?rest_route=\/wp\/v2\/users\/2"}],"replies":[{"embeddable":true,"href":"https:\/\/entretormentas.com\/index.php?rest_route=%2Fwp%2Fv2%2Fcomments&post=11730"}],"version-history":[{"count":1,"href":"https:\/\/entretormentas.com\/index.php?rest_route=\/wp\/v2\/posts\/11730\/revisions"}],"predecessor-version":[{"id":11734,"href":"https:\/\/entretormentas.com\/index.php?rest_route=\/wp\/v2\/posts\/11730\/revisions\/11734"}],"wp:featuredmedia":[{"embeddable":true,"href":"https:\/\/entretormentas.com\/index.php?rest_route=\/wp\/v2\/media\/11731"}],"wp:attachment":[{"href":"https:\/\/entretormentas.com\/index.php?rest_route=%2Fwp%2Fv2%2Fmedia&parent=11730"}],"wp:term":[{"taxonomy":"category","embeddable":true,"href":"https:\/\/entretormentas.com\/index.php?rest_route=%2Fwp%2Fv2%2Fcategories&post=11730"},{"taxonomy":"post_tag","embeddable":true,"href":"https:\/\/entretormentas.com\/index.php?rest_route=%2Fwp%2Fv2%2Ftags&post=11730"}],"curies":[{"name":"wp","href":"https:\/\/api.w.org\/{rel}","templated":true}]}}