{"id":11735,"date":"2024-12-23T09:34:45","date_gmt":"2024-12-23T08:34:45","guid":{"rendered":"https:\/\/entretormentas.com\/?p=11735"},"modified":"2024-12-23T09:34:45","modified_gmt":"2024-12-23T08:34:45","slug":"alcaldia-de-maracaibo-programa-ver-para-aprender-concluye-2024-con-275-lentes-entregados","status":"publish","type":"post","link":"https:\/\/entretormentas.com\/alcaldia-de-maracaibo-programa-ver-para-aprender-concluye-2024-con-275-lentes-entregados\/","title":{"rendered":"\u00a1ALCALD\u00cdA DE MARACAIBO! Programa Ver para Aprender concluye 2024 con 275 lentes entregados"},"content":{"rendered":"\n<p><strong>ENTRE TORMENTAS.<\/strong> El programa Ver para Aprender de la Alcald\u00eda de Maracaibo, gestionado desde la Direcci\u00f3n de Desarrollo Social, cerr\u00f3 2024 con su edici\u00f3n n\u00famero 26, otorg\u00e1ndole a 25 ni\u00f1os y ni\u00f1as, con edades comprendidas entre 4 y 7 a\u00f1os, lentes oftalmol\u00f3gicos.<\/p>\n\n\n\n<p>Desde sus inicios en el a\u00f1o 2022, el programa Ver para Aprender ha&nbsp; proporcionado 787 beneficios en forma de lentes a ni\u00f1os, ni\u00f1as y adolescentes con problemas visuales como astigmatismo, hipermetrop\u00eda y presbicia en el municipio: 221 pares durante su primer a\u00f1o en 2022, 291 en el a\u00f1o 2023 y finalmente totaliza 275 pares de lentes en 2024.<\/p>\n\n\n\n<figure class=\"wp-block-image size-large\"><img fetchpriority=\"high\" decoding=\"async\" width=\"1024\" height=\"576\" src=\"https:\/\/entretormentas.com\/wp-content\/uploads\/2024\/12\/image-502-1024x576.png\" alt=\"\" class=\"wp-image-11738\" srcset=\"https:\/\/entretormentas.com\/wp-content\/uploads\/2024\/12\/image-502-1024x576.png 1024w, https:\/\/entretormentas.com\/wp-content\/uploads\/2024\/12\/image-502-300x169.png 300w, https:\/\/entretormentas.com\/wp-content\/uploads\/2024\/12\/image-502-768x432.png 768w, https:\/\/entretormentas.com\/wp-content\/uploads\/2024\/12\/image-502.png 1280w\" sizes=\"(max-width: 1024px) 100vw, 1024px\" \/><\/figure>\n\n\n\n<p>\u201cEste es un compromiso que hemos asumido con gran responsabilidad como Alcald\u00eda. Para nosotros es un honor entregar estos lentes a todos estos ni\u00f1os, ya que mejorar\u00e1n su visi\u00f3n y, por ende, su rendimiento acad\u00e9mico. Estos lentes son una herramienta fundamental para que puedan seguir prepar\u00e1ndose, porque ellos son el futuro de nuestra ciudad y de nuestro pa\u00eds\u201d, se\u00f1al\u00f3 Adri\u00e1n Romero Mart\u00ednez, alcalde encargado de Maracaibo.<\/p>\n\n\n\n<p>Sara Fern\u00e1ndez, directora de Desarrollo Social, destac\u00f3 que desde el inicio de su gesti\u00f3n, la direcci\u00f3n ha centrado sus esfuerzos en desarrollar soluciones para ni\u00f1os, ni\u00f1as y adolescentes de Maracaibo, con la educaci\u00f3n como eje principal. \u00abA trav\u00e9s de nuestros diversos programas, hemos identificado que el 80 % de los casos de discapacidad est\u00e1n vinculados a problemas visuales. Por esta raz\u00f3n, el programa Ver para Aprender surge con un objetivo fundamental: mejorar la visi\u00f3n de los ni\u00f1os para que puedan rendir mejor en sus estudios. Un ni\u00f1o que ve bien, aprende mejor\u00bb, afirm\u00f3 Fern\u00e1ndez.<\/p>\n\n\n\n<p>\u201cNuestro programa Ver para Aprender, se ha desplegado por las 18 parroquias del municipio. Creemos en programas que promuevan el bienestar y dignifiquen la calidad de vida de todos los marabinos, especialmente de nuestros ni\u00f1os, ni\u00f1as y adolescentes. Estos programas son posibles gracias al apoyo del sector privado, como la empresa Opticolor, que desde 2022 ha respaldado estas iniciativas y contin\u00faa trabajando por una ciudad que construye oportunidades\u201d concluy\u00f3 Fern\u00e1ndez.&nbsp;<\/p>\n\n\n\n<figure class=\"wp-block-image size-large\"><img decoding=\"async\" width=\"1024\" height=\"576\" src=\"https:\/\/entretormentas.com\/wp-content\/uploads\/2024\/12\/image-501-1024x576.png\" alt=\"\" class=\"wp-image-11737\" srcset=\"https:\/\/entretormentas.com\/wp-content\/uploads\/2024\/12\/image-501-1024x576.png 1024w, https:\/\/entretormentas.com\/wp-content\/uploads\/2024\/12\/image-501-300x169.png 300w, https:\/\/entretormentas.com\/wp-content\/uploads\/2024\/12\/image-501-768x432.png 768w, https:\/\/entretormentas.com\/wp-content\/uploads\/2024\/12\/image-501.png 1280w\" sizes=\"(max-width: 1024px) 100vw, 1024px\" \/><\/figure>\n\n\n\n<p>Adriana Chinchilla, ama de casa de 30 a\u00f1os y madre de dos ni\u00f1os beneficiados por el programa, declar\u00f3 sentirse \u00abaliviada y tranquila\u00bb ahora que sus hijos cuentan con sus lentes: \u201cDesde que mis hijos comenzaron la escuela, not\u00e9 que ten\u00edan dificultades para ver el pizarr\u00f3n y para distinguir objetos a distancia. Casi todos los d\u00edas, al llegar a casa, se quejaban de dolores de cabeza por forzar la vista. Siento que les han entregado una herramienta fundamental para su educaci\u00f3n y su vida diaria\u201d.<\/p>\n\n\n\n<p>Reina Urdaneta, ama de casa de 47 a\u00f1os, calific\u00f3 el programa Ver para Aprender como \u201cuna bendici\u00f3n\u201d.\u00a0 Urdaneta relat\u00f3 la\u00a0situaci\u00f3n que enfrentaba su hija de 6 a\u00f1os, quien padece astigmatismo en el ojo izquierdo: \u201cEste a\u00f1o escolar ha sido muy dif\u00edcil para mi ni\u00f1a. Se le dificulta leer y hacer algunas actividades. Este beneficio ha aliviado un poco nuestra carga econ\u00f3mica y m\u00e1s importante, ahora mi hija podr\u00e1 concentrarse mejor durante sus clases\u201d.<br><strong><em>ET \/ DCI Alcald\u00eda de Maracaibo<\/em><\/strong><\/p>\n","protected":false},"excerpt":{"rendered":"<p>ENTRE TORMENTAS. El programa Ver para Aprender de la Alcald\u00eda de Maracaibo, gestionado desde la&#8230;<\/p>\n","protected":false},"author":2,"featured_media":11736,"comment_status":"closed","ping_status":"open","sticky":false,"template":"","format":"standard","meta":{"footnotes":""},"categories":[57,1],"tags":[],"class_list":["post-11735","post","type-post","status-publish","format-standard","has-post-thumbnail","hentry","category-actualidad","category-regionales"],"_links":{"self":[{"href":"https:\/\/entretormentas.com\/index.php?rest_route=\/wp\/v2\/posts\/11735","targetHints":{"allow":["GET"]}}],"collection":[{"href":"https:\/\/entretormentas.com\/index.php?rest_route=\/wp\/v2\/posts"}],"about":[{"href":"https:\/\/entretormentas.com\/index.php?rest_route=\/wp\/v2\/types\/post"}],"author":[{"embeddable":true,"href":"https:\/\/entretormentas.com\/index.php?rest_route=\/wp\/v2\/users\/2"}],"replies":[{"embeddable":true,"href":"https:\/\/entretormentas.com\/index.php?rest_route=%2Fwp%2Fv2%2Fcomments&post=11735"}],"version-history":[{"count":1,"href":"https:\/\/entretormentas.com\/index.php?rest_route=\/wp\/v2\/posts\/11735\/revisions"}],"predecessor-version":[{"id":11739,"href":"https:\/\/entretormentas.com\/index.php?rest_route=\/wp\/v2\/posts\/11735\/revisions\/11739"}],"wp:featuredmedia":[{"embeddable":true,"href":"https:\/\/entretormentas.com\/index.php?rest_route=\/wp\/v2\/media\/11736"}],"wp:attachment":[{"href":"https:\/\/entretormentas.com\/index.php?rest_route=%2Fwp%2Fv2%2Fmedia&parent=11735"}],"wp:term":[{"taxonomy":"category","embeddable":true,"href":"https:\/\/entretormentas.com\/index.php?rest_route=%2Fwp%2Fv2%2Fcategories&post=11735"},{"taxonomy":"post_tag","embeddable":true,"href":"https:\/\/entretormentas.com\/index.php?rest_route=%2Fwp%2Fv2%2Ftags&post=11735"}],"curies":[{"name":"wp","href":"https:\/\/api.w.org\/{rel}","templated":true}]}}