{"id":11740,"date":"2024-12-23T09:37:19","date_gmt":"2024-12-23T08:37:19","guid":{"rendered":"https:\/\/entretormentas.com\/?p=11740"},"modified":"2024-12-23T09:37:20","modified_gmt":"2024-12-23T08:37:20","slug":"tregua-en-colombia-eln-anuncia-cese-del-fuego-unilateral-de-11-dias-por-temporada-navidena","status":"publish","type":"post","link":"https:\/\/entretormentas.com\/tregua-en-colombia-eln-anuncia-cese-del-fuego-unilateral-de-11-dias-por-temporada-navidena\/","title":{"rendered":"\u00a1TREGUA EN COLOMBIA! ELN anuncia cese del fuego unilateral de 11 d\u00edas por temporada navide\u00f1a"},"content":{"rendered":"\n<p><strong>ENTRE TORMENTAS. <\/strong>La guerrilla del Ej\u00e9rcito de Liberaci\u00f3n Nacional (ELN) inform\u00f3 este domingo que realizar\u00e1 un cese al fuego unilateral en toda Colombia en las fiestas navide\u00f1as, \u201ccomo gesto de paz con el pueblo colombiano\u201d.<\/p>\n\n\n\n<p>Se trata de un gesto ya tradicional en esa guerrilla en estas fechas y que iniciar\u00e1 a las 00:00 horas del 23 de diciembre y terminar\u00e1 a las 00:00 horas del 3 enero de 2025, rese\u00f1\u00f3 EFE.<\/p>\n\n\n\n<p>\u201cEn tal sentido, la Direcci\u00f3n Nacional del ELN orienta a todas sus estructuras no realizar operaciones militares ofensivas contra las Fuerzas Armadas del Estado\u201d, apunt\u00f3 la guerrilla en un comunicado publicado este domingo.<\/p>\n\n\n\n<p>Adem\u00e1s, asegur\u00f3 que el ELN \u201cen ning\u00fan momento realiza operaciones militares que afecten a la poblaci\u00f3n\u201d.<\/p>\n\n\n\n<p>Se trata del primer cese al fuego unilateral desde que el pasado 3 de agosto acabara el alto al fuego m\u00e1s largo pactado entre esa guerrilla y el Gobierno colombiano, debido a que las dos partes no se pusieron de acuerdo para su renovaci\u00f3n despu\u00e9s de un a\u00f1o en vigencia.<\/p>\n\n\n\n<p>El Gobierno y el ELN retomaron en noviembre de 2022 las negociaciones de paz y se han realizado varios ciclos, pero actualmente se encuentran suspendidas y las dos partes tienen previsto volver a la mesa de di\u00e1logos en enero para tratar el descongelamiento de las mismas.<br><strong><em>ET \/ Agencias<\/em><\/strong><\/p>\n","protected":false},"excerpt":{"rendered":"<p>ENTRE TORMENTAS. La guerrilla del Ej\u00e9rcito de Liberaci\u00f3n Nacional (ELN) inform\u00f3 este domingo que realizar\u00e1&#8230;<\/p>\n","protected":false},"author":2,"featured_media":11741,"comment_status":"closed","ping_status":"open","sticky":false,"template":"","format":"standard","meta":{"footnotes":""},"categories":[56,48],"tags":[],"class_list":["post-11740","post","type-post","status-publish","format-standard","has-post-thumbnail","hentry","category-destacadas","category-internacionales"],"_links":{"self":[{"href":"https:\/\/entretormentas.com\/index.php?rest_route=\/wp\/v2\/posts\/11740","targetHints":{"allow":["GET"]}}],"collection":[{"href":"https:\/\/entretormentas.com\/index.php?rest_route=\/wp\/v2\/posts"}],"about":[{"href":"https:\/\/entretormentas.com\/index.php?rest_route=\/wp\/v2\/types\/post"}],"author":[{"embeddable":true,"href":"https:\/\/entretormentas.com\/index.php?rest_route=\/wp\/v2\/users\/2"}],"replies":[{"embeddable":true,"href":"https:\/\/entretormentas.com\/index.php?rest_route=%2Fwp%2Fv2%2Fcomments&post=11740"}],"version-history":[{"count":1,"href":"https:\/\/entretormentas.com\/index.php?rest_route=\/wp\/v2\/posts\/11740\/revisions"}],"predecessor-version":[{"id":11742,"href":"https:\/\/entretormentas.com\/index.php?rest_route=\/wp\/v2\/posts\/11740\/revisions\/11742"}],"wp:featuredmedia":[{"embeddable":true,"href":"https:\/\/entretormentas.com\/index.php?rest_route=\/wp\/v2\/media\/11741"}],"wp:attachment":[{"href":"https:\/\/entretormentas.com\/index.php?rest_route=%2Fwp%2Fv2%2Fmedia&parent=11740"}],"wp:term":[{"taxonomy":"category","embeddable":true,"href":"https:\/\/entretormentas.com\/index.php?rest_route=%2Fwp%2Fv2%2Fcategories&post=11740"},{"taxonomy":"post_tag","embeddable":true,"href":"https:\/\/entretormentas.com\/index.php?rest_route=%2Fwp%2Fv2%2Ftags&post=11740"}],"curies":[{"name":"wp","href":"https:\/\/api.w.org\/{rel}","templated":true}]}}