{"id":11743,"date":"2024-12-23T09:39:49","date_gmt":"2024-12-23T08:39:49","guid":{"rendered":"https:\/\/entretormentas.com\/?p=11743"},"modified":"2024-12-23T09:39:49","modified_gmt":"2024-12-23T08:39:49","slug":"comunicado-fiscal-informa-que-martinez-mottola-declaro-sobre-hechos-violentos-organizados-en-la-embajada-de-argentina","status":"publish","type":"post","link":"https:\/\/entretormentas.com\/comunicado-fiscal-informa-que-martinez-mottola-declaro-sobre-hechos-violentos-organizados-en-la-embajada-de-argentina\/","title":{"rendered":"\u00a1COMUNICADO! Fiscal informa que Mart\u00ednez Mottola declar\u00f3 sobre \u201chechos violentos organizados en la Embajada de Argentina\u201d"},"content":{"rendered":"\n<p><strong>ENTRE TORMENTAS. <\/strong>El Fiscal de la Rep\u00fablica, Tarek William Saab, confirm\u00f3 que el dirigente pol\u00edtico Fernando Mart\u00ednez Mottola, integrante del equipo de Vente Venezuela y quien estaba asilado en la Embajada de Argentina, custodiada por Brasil, en Caracas, se present\u00f3 de manera \u201cvoluntaria\u201d en la sede principal del Ministerio P\u00fablico.<\/p>\n\n\n\n<p>Mediante un comunicado publicado en sus redes sociales, el funcionario subray\u00f3 que el referido dirigente \u00abse puso a derecho\u00bb y, a su vez, rindi\u00f3 declaraci\u00f3n sobre los \u00abhechos violentos conspirativos y desestabilizadores\u00bb que, mencion\u00f3, se organizaron desde la residencia diplom\u00e1tica tras los comicios presidenciales del pasado #28Jul.<\/p>\n\n\n\n<p>Ante esto, agreg\u00f3 que Mart\u00ednez Mottola decidi\u00f3 \u00abcolaborar con la justicia venezolana\u00bb, esto, en el marco del debido proceso previsto en el art\u00edculo 49 de la Constituci\u00f3n de la Rep\u00fablica.<\/p>\n\n\n\n<p>\u00abFinalmente, el Ministerio P\u00fablico como rector y titular de la investigaci\u00f3n penal se mantiene firme tanto en su deber de garantizar la justicia, como en su lucha contra cualquier grupo o entidad nacional o internacional al margen de la Ley, que atente contra la paz de la Naci\u00f3n venezolana\u00bb, finaliz\u00f3 la misiva.<br><strong><em>ET \/ Agencias<\/em><\/strong><\/p>\n","protected":false},"excerpt":{"rendered":"<p>ENTRE TORMENTAS. El Fiscal de la Rep\u00fablica, Tarek William Saab, confirm\u00f3 que el dirigente pol\u00edtico&#8230;<\/p>\n","protected":false},"author":2,"featured_media":11744,"comment_status":"closed","ping_status":"open","sticky":false,"template":"","format":"standard","meta":{"footnotes":""},"categories":[56,49],"tags":[],"class_list":["post-11743","post","type-post","status-publish","format-standard","has-post-thumbnail","hentry","category-destacadas","category-nacionales"],"_links":{"self":[{"href":"https:\/\/entretormentas.com\/index.php?rest_route=\/wp\/v2\/posts\/11743","targetHints":{"allow":["GET"]}}],"collection":[{"href":"https:\/\/entretormentas.com\/index.php?rest_route=\/wp\/v2\/posts"}],"about":[{"href":"https:\/\/entretormentas.com\/index.php?rest_route=\/wp\/v2\/types\/post"}],"author":[{"embeddable":true,"href":"https:\/\/entretormentas.com\/index.php?rest_route=\/wp\/v2\/users\/2"}],"replies":[{"embeddable":true,"href":"https:\/\/entretormentas.com\/index.php?rest_route=%2Fwp%2Fv2%2Fcomments&post=11743"}],"version-history":[{"count":1,"href":"https:\/\/entretormentas.com\/index.php?rest_route=\/wp\/v2\/posts\/11743\/revisions"}],"predecessor-version":[{"id":11745,"href":"https:\/\/entretormentas.com\/index.php?rest_route=\/wp\/v2\/posts\/11743\/revisions\/11745"}],"wp:featuredmedia":[{"embeddable":true,"href":"https:\/\/entretormentas.com\/index.php?rest_route=\/wp\/v2\/media\/11744"}],"wp:attachment":[{"href":"https:\/\/entretormentas.com\/index.php?rest_route=%2Fwp%2Fv2%2Fmedia&parent=11743"}],"wp:term":[{"taxonomy":"category","embeddable":true,"href":"https:\/\/entretormentas.com\/index.php?rest_route=%2Fwp%2Fv2%2Fcategories&post=11743"},{"taxonomy":"post_tag","embeddable":true,"href":"https:\/\/entretormentas.com\/index.php?rest_route=%2Fwp%2Fv2%2Ftags&post=11743"}],"curies":[{"name":"wp","href":"https:\/\/api.w.org\/{rel}","templated":true}]}}