{"id":11746,"date":"2024-12-23T09:43:16","date_gmt":"2024-12-23T08:43:16","guid":{"rendered":"https:\/\/entretormentas.com\/?p=11746"},"modified":"2024-12-23T09:43:16","modified_gmt":"2024-12-23T08:43:16","slug":"posicion-ramos-allup-coincide-con-palmieri-de-unt-en-cerrar-el-ciclo-de-an-2015","status":"publish","type":"post","link":"https:\/\/entretormentas.com\/posicion-ramos-allup-coincide-con-palmieri-de-unt-en-cerrar-el-ciclo-de-an-2015\/","title":{"rendered":"\u00a1POSICI\u00d3N! Ramos Allup coincide con Palmieri de UNT en cerrar el ciclo de \u00abAN 2015\u00bb"},"content":{"rendered":"\n<p><strong>ENTRE TORMENTAS. <\/strong>El dirigente opositor, Henry Ramos Allup, manifest\u00f3 este domingo que la oposici\u00f3n debe dejar atr\u00e1s a la Asamblea Nacional de 2015.<\/p>\n\n\n\n<p>As\u00ed lo dijo a trav\u00e9s de un mensaje en Redes Sociales, en el cual coincidi\u00f3 con lo expresado d\u00edas atr\u00e1s por el secretario general de Un Nuevo Tiempo, Angelo Pamieri, quien exhort\u00f3 a dar por \u201cconcluido\u201d el ciclo de ese parlamento electo hace nueve a\u00f1os, detalla Globovisi\u00f3n.<\/p>\n\n\n\n<p>\u00abLa AN 2015 fue elegida el 6 de diciembre de 2015, su per\u00edodo de vigencia comenz\u00f3 el 5 de enero de 2016 y finaliz\u00f3 el 5 de enero de 2021 y pese a todos los acosos, cumpli\u00f3 de la mejor manera posible\u00bb, escribi\u00f3 el expresidente de esa AN.<br><strong><em>ET \/ Agencias<\/em><\/strong><\/p>\n","protected":false},"excerpt":{"rendered":"<p>ENTRE TORMENTAS. El dirigente opositor, Henry Ramos Allup, manifest\u00f3 este domingo que la oposici\u00f3n debe&#8230;<\/p>\n","protected":false},"author":2,"featured_media":11747,"comment_status":"closed","ping_status":"open","sticky":false,"template":"","format":"standard","meta":{"footnotes":""},"categories":[56,49],"tags":[],"class_list":["post-11746","post","type-post","status-publish","format-standard","has-post-thumbnail","hentry","category-destacadas","category-nacionales"],"_links":{"self":[{"href":"https:\/\/entretormentas.com\/index.php?rest_route=\/wp\/v2\/posts\/11746","targetHints":{"allow":["GET"]}}],"collection":[{"href":"https:\/\/entretormentas.com\/index.php?rest_route=\/wp\/v2\/posts"}],"about":[{"href":"https:\/\/entretormentas.com\/index.php?rest_route=\/wp\/v2\/types\/post"}],"author":[{"embeddable":true,"href":"https:\/\/entretormentas.com\/index.php?rest_route=\/wp\/v2\/users\/2"}],"replies":[{"embeddable":true,"href":"https:\/\/entretormentas.com\/index.php?rest_route=%2Fwp%2Fv2%2Fcomments&post=11746"}],"version-history":[{"count":1,"href":"https:\/\/entretormentas.com\/index.php?rest_route=\/wp\/v2\/posts\/11746\/revisions"}],"predecessor-version":[{"id":11748,"href":"https:\/\/entretormentas.com\/index.php?rest_route=\/wp\/v2\/posts\/11746\/revisions\/11748"}],"wp:featuredmedia":[{"embeddable":true,"href":"https:\/\/entretormentas.com\/index.php?rest_route=\/wp\/v2\/media\/11747"}],"wp:attachment":[{"href":"https:\/\/entretormentas.com\/index.php?rest_route=%2Fwp%2Fv2%2Fmedia&parent=11746"}],"wp:term":[{"taxonomy":"category","embeddable":true,"href":"https:\/\/entretormentas.com\/index.php?rest_route=%2Fwp%2Fv2%2Fcategories&post=11746"},{"taxonomy":"post_tag","embeddable":true,"href":"https:\/\/entretormentas.com\/index.php?rest_route=%2Fwp%2Fv2%2Ftags&post=11746"}],"curies":[{"name":"wp","href":"https:\/\/api.w.org\/{rel}","templated":true}]}}