{"id":11752,"date":"2024-12-23T09:49:01","date_gmt":"2024-12-23T08:49:01","guid":{"rendered":"https:\/\/entretormentas.com\/?p=11752"},"modified":"2024-12-23T09:49:01","modified_gmt":"2024-12-23T08:49:01","slug":"toma-de-posesion-padrino-lopez-afirma-que-la-fanb-acompanara-a-maduro-el-10-ene","status":"publish","type":"post","link":"https:\/\/entretormentas.com\/toma-de-posesion-padrino-lopez-afirma-que-la-fanb-acompanara-a-maduro-el-10-ene\/","title":{"rendered":"\u00a1TOMA DE POSESI\u00d3N! Padrino L\u00f3pez afirma que la FANB acompa\u00f1ar\u00e1 a Maduro el 10-Ene"},"content":{"rendered":"\n<p><strong>ENTRE TORMENTAS.<\/strong> El ministro de Defensa de Venezuela, Vladimir Padrino L\u00f3pez, reiter\u00f3 este domingo el compromiso de la Fuerza Armada Nacional Bolivariana (FANB) para defender la paz e integridad de Venezuela.<\/p>\n\n\n\n<p>A trav\u00e9s de Instagram, el ministro llam\u00f3 a continuar la \u00abperfecta fusi\u00f3n popular-militar-policial\u00bb para construir \u00abla senda de prosperidad, bienaventuranza y desarrollo\u00bb que merece el pa\u00eds.<\/p>\n\n\n\n<p>Padrino, quien ha reiterado en diversas ocasiones su lealtad a Nicol\u00e1s Maduro, inform\u00f3 este s\u00e1bado que la FANB acompa\u00f1ar\u00e1 al mandatario el pr\u00f3ximo 10 de enero en la toma de posesi\u00f3n para el per\u00edodo presidencial 2025-2031, luego de una cuestionada reelecci\u00f3n que la mayor coalici\u00f3n opositora tacha de fraudulenta, detalla Mundo UR.<\/p>\n\n\n\n<p>\u00abNosotros los soldados (\u2026) sabemos y estamos conscientes de la gran responsabilidad que significa cuidar los decretos de la soberan\u00eda popular\u00bb, manifest\u00f3.<\/p>\n\n\n\n<p>De acuerdo con el art\u00edculo 328 de la Constituci\u00f3n, la Fuerza Armada \u00abconstituye una instituci\u00f3n esencialmente profesional, sin militancia pol\u00edtica\u00bb; y se\u00f1ala que, en el \u00abcumplimiento de sus funciones, est\u00e1 al servicio exclusivo de la naci\u00f3n y en ning\u00fan caso al de persona o parcialidad pol\u00edtica alguna\u00bb.<br><strong><em>ET \/ Agencias<\/em><\/strong><\/p>\n","protected":false},"excerpt":{"rendered":"<p>ENTRE TORMENTAS. El ministro de Defensa de Venezuela, Vladimir Padrino L\u00f3pez, reiter\u00f3 este domingo el&#8230;<\/p>\n","protected":false},"author":2,"featured_media":11753,"comment_status":"closed","ping_status":"open","sticky":false,"template":"","format":"standard","meta":{"footnotes":""},"categories":[56,49],"tags":[],"class_list":["post-11752","post","type-post","status-publish","format-standard","has-post-thumbnail","hentry","category-destacadas","category-nacionales"],"_links":{"self":[{"href":"https:\/\/entretormentas.com\/index.php?rest_route=\/wp\/v2\/posts\/11752","targetHints":{"allow":["GET"]}}],"collection":[{"href":"https:\/\/entretormentas.com\/index.php?rest_route=\/wp\/v2\/posts"}],"about":[{"href":"https:\/\/entretormentas.com\/index.php?rest_route=\/wp\/v2\/types\/post"}],"author":[{"embeddable":true,"href":"https:\/\/entretormentas.com\/index.php?rest_route=\/wp\/v2\/users\/2"}],"replies":[{"embeddable":true,"href":"https:\/\/entretormentas.com\/index.php?rest_route=%2Fwp%2Fv2%2Fcomments&post=11752"}],"version-history":[{"count":1,"href":"https:\/\/entretormentas.com\/index.php?rest_route=\/wp\/v2\/posts\/11752\/revisions"}],"predecessor-version":[{"id":11754,"href":"https:\/\/entretormentas.com\/index.php?rest_route=\/wp\/v2\/posts\/11752\/revisions\/11754"}],"wp:featuredmedia":[{"embeddable":true,"href":"https:\/\/entretormentas.com\/index.php?rest_route=\/wp\/v2\/media\/11753"}],"wp:attachment":[{"href":"https:\/\/entretormentas.com\/index.php?rest_route=%2Fwp%2Fv2%2Fmedia&parent=11752"}],"wp:term":[{"taxonomy":"category","embeddable":true,"href":"https:\/\/entretormentas.com\/index.php?rest_route=%2Fwp%2Fv2%2Fcategories&post=11752"},{"taxonomy":"post_tag","embeddable":true,"href":"https:\/\/entretormentas.com\/index.php?rest_route=%2Fwp%2Fv2%2Ftags&post=11752"}],"curies":[{"name":"wp","href":"https:\/\/api.w.org\/{rel}","templated":true}]}}