{"id":11760,"date":"2024-12-27T09:43:44","date_gmt":"2024-12-27T08:43:44","guid":{"rendered":"https:\/\/entretormentas.com\/?p=11760"},"modified":"2024-12-27T09:43:44","modified_gmt":"2024-12-27T08:43:44","slug":"2024-ano-de-fortalecimiento-de-los-valores-culturales-en-el-municipio-san-francisco","status":"publish","type":"post","link":"https:\/\/entretormentas.com\/2024-ano-de-fortalecimiento-de-los-valores-culturales-en-el-municipio-san-francisco\/","title":{"rendered":"2024: A\u00f1o de fortalecimiento de los valores culturales en el municipio San Francisco"},"content":{"rendered":"\n<p><strong>ENTRE TORMENTAS.<\/strong> La alcald\u00eda de San Francisco, como parte de su compromiso por impulsar las tradiciones culturales t\u00edpicas de Venezuela y del estado Zulia a trav\u00e9s del Instituto Municipal de Cultura ha llevado talleres a ni\u00f1os y adultos en las siete parroquias, adem\u00e1s de ofrecer cursos en el Ateneo Juan de Dios Mart\u00ednez, donde opera el instituto.<\/p>\n\n\n\n<p>Entre las actividades educativas realizadas durante este per\u00edodo, se destacan las 24 disciplinas impartidas en las parroquias, que incluyen danza, cuatro, ballet, expresi\u00f3n corporal y motivaci\u00f3n gaitera, con una matr\u00edcula de 300 j\u00f3venes y ni\u00f1os. Adem\u00e1s, el ciclo acad\u00e9mico cultural experiment\u00f3 un incremento de 900 inscritos en las casas culturales en todas las disciplinas ofrecidas.<\/p>\n\n\n\n<figure class=\"wp-block-image size-large\"><img fetchpriority=\"high\" decoding=\"async\" width=\"1024\" height=\"768\" src=\"https:\/\/entretormentas.com\/wp-content\/uploads\/2024\/12\/image-512-1024x768.png\" alt=\"\" class=\"wp-image-11762\" srcset=\"https:\/\/entretormentas.com\/wp-content\/uploads\/2024\/12\/image-512-1024x768.png 1024w, https:\/\/entretormentas.com\/wp-content\/uploads\/2024\/12\/image-512-300x225.png 300w, https:\/\/entretormentas.com\/wp-content\/uploads\/2024\/12\/image-512-768x576.png 768w, https:\/\/entretormentas.com\/wp-content\/uploads\/2024\/12\/image-512.png 1080w\" sizes=\"(max-width: 1024px) 100vw, 1024px\" \/><\/figure>\n\n\n\n<p>Asimismo, en el municipio se celebraron fechas importantes para conmemorar personajes y hechos significativos de la sociedad, como los homenajes a Juan de Dios Mart\u00ednez, Astolfo Romero \u00abEl Parroquiano\u00bb y el inolvidable \u00abT\u00edo Sim\u00f3n\u00bb, as\u00ed como el D\u00eda de la Afrozulianidad y el D\u00eda Internacional de la Danza. Estas celebraciones incluyeron presentaciones de los ensambles culturales, un grupo de teatro infantil y las Danzas Juan de Dios Mart\u00ednez.<\/p>\n\n\n\n<p>Estas iniciativas han permitido fortalecer los valores culturales, lo que ha llevado al municipio a contar con ensambles musicales tanto de adultos como de ni\u00f1os. La Big Band y la Banda T\u00edpica han participado a lo largo de este 2024 en diversas actividades dentro y fuera del municipio.<\/p>\n\n\n\n<p>Con miras a fortalecer los lazos interinstitucionales y enaltecer el nombre del Instituto Municipal de Cultura, presidido por Ra\u00fal Fern\u00e1ndez y bajo la gesti\u00f3n del alcalde Gustavo Fern\u00e1ndez M\u00e9ndez, para el pr\u00f3ximo a\u00f1o 2025 se espera un aumento en las participaciones, logrando llevar el arte hasta el \u00faltimo rinc\u00f3n de San Francisco.<br><strong><em>ET \/ Alcald\u00eda de San Francisco<\/em><\/strong><\/p>\n","protected":false},"excerpt":{"rendered":"<p>ENTRE TORMENTAS. La alcald\u00eda de San Francisco, como parte de su compromiso por impulsar las&#8230;<\/p>\n","protected":false},"author":2,"featured_media":11761,"comment_status":"closed","ping_status":"open","sticky":false,"template":"","format":"standard","meta":{"footnotes":""},"categories":[57,1],"tags":[],"class_list":["post-11760","post","type-post","status-publish","format-standard","has-post-thumbnail","hentry","category-actualidad","category-regionales"],"_links":{"self":[{"href":"https:\/\/entretormentas.com\/index.php?rest_route=\/wp\/v2\/posts\/11760","targetHints":{"allow":["GET"]}}],"collection":[{"href":"https:\/\/entretormentas.com\/index.php?rest_route=\/wp\/v2\/posts"}],"about":[{"href":"https:\/\/entretormentas.com\/index.php?rest_route=\/wp\/v2\/types\/post"}],"author":[{"embeddable":true,"href":"https:\/\/entretormentas.com\/index.php?rest_route=\/wp\/v2\/users\/2"}],"replies":[{"embeddable":true,"href":"https:\/\/entretormentas.com\/index.php?rest_route=%2Fwp%2Fv2%2Fcomments&post=11760"}],"version-history":[{"count":1,"href":"https:\/\/entretormentas.com\/index.php?rest_route=\/wp\/v2\/posts\/11760\/revisions"}],"predecessor-version":[{"id":11763,"href":"https:\/\/entretormentas.com\/index.php?rest_route=\/wp\/v2\/posts\/11760\/revisions\/11763"}],"wp:featuredmedia":[{"embeddable":true,"href":"https:\/\/entretormentas.com\/index.php?rest_route=\/wp\/v2\/media\/11761"}],"wp:attachment":[{"href":"https:\/\/entretormentas.com\/index.php?rest_route=%2Fwp%2Fv2%2Fmedia&parent=11760"}],"wp:term":[{"taxonomy":"category","embeddable":true,"href":"https:\/\/entretormentas.com\/index.php?rest_route=%2Fwp%2Fv2%2Fcategories&post=11760"},{"taxonomy":"post_tag","embeddable":true,"href":"https:\/\/entretormentas.com\/index.php?rest_route=%2Fwp%2Fv2%2Ftags&post=11760"}],"curies":[{"name":"wp","href":"https:\/\/api.w.org\/{rel}","templated":true}]}}