{"id":11764,"date":"2024-12-27T09:46:23","date_gmt":"2024-12-27T08:46:23","guid":{"rendered":"https:\/\/entretormentas.com\/?p=11764"},"modified":"2024-12-27T09:46:23","modified_gmt":"2024-12-27T08:46:23","slug":"navidad-2024-mil-200-toneladas-de-desechos-recolecto-la-alcaldia-de-maracaibo-en-operativo-especial","status":"publish","type":"post","link":"https:\/\/entretormentas.com\/navidad-2024-mil-200-toneladas-de-desechos-recolecto-la-alcaldia-de-maracaibo-en-operativo-especial\/","title":{"rendered":"\u00a1NAVIDAD 2024! Mil 200 toneladas de desechos recolect\u00f3 la Alcald\u00eda de Maracaibo en operativo especial"},"content":{"rendered":"\n<p><strong>ENTRE TORMENTAS.<\/strong> Un total de mil 200 toneladas de desechos recolect\u00f3, este mi\u00e9rcoles 25 de diciembre, la Alcald\u00eda de Maracaibo en el operativo especial de limpieza y saneamiento en las principales zonas comerciales de la ciudad.<\/p>\n\n\n\n<p>Las labores se llevaron a cabo con la participaci\u00f3n de 150 ambientalistas de los institutos municipales de Aseo Urbano (Imau) y del Ambiente (IMA) que dejaron limpios los espacios del casco central y los principales corredores viales.<\/p>\n\n\n\n<p>La avenida Libertador, el mercado Las Playitas, y las calles 8 P\u00e1ez, Derecha y Venezuela; fueron las zonas del centro de la ciudad donde se concentr\u00f3 la jornada de recolecci\u00f3n con el apoyo de 30 unidades compactadoras. S\u00f3lo de all\u00ed se sacaron 700 toneladas de desechos.<\/p>\n\n\n\n<p>Adri\u00e1n Romero Mart\u00ednez, alcalde encargado de Maracaibo, expres\u00f3 que este operativo de recolecci\u00f3n y saneamiento en el casco central libr\u00f3 los espacios de los desechos producidos en la v\u00edspera de Navidad. \u201cLa intenci\u00f3n fue abordar la limpieza de los espacios del casco central despu\u00e9s de d\u00edas intensos de movimiento comercial producto de las fiestas navide\u00f1as, a pesar de que a diario tenemos cuadrillas de barrido manual trabajando d\u00eda y noche durante todo el a\u00f1o\u201d, inform\u00f3 la Autoridad Municipal, mientras supervisaba los trabajos.<\/p>\n\n\n\n<figure class=\"wp-block-image size-large\"><img fetchpriority=\"high\" decoding=\"async\" width=\"1024\" height=\"683\" src=\"https:\/\/entretormentas.com\/wp-content\/uploads\/2024\/12\/image-514-1024x683.png\" alt=\"\" class=\"wp-image-11766\" srcset=\"https:\/\/entretormentas.com\/wp-content\/uploads\/2024\/12\/image-514-1024x683.png 1024w, https:\/\/entretormentas.com\/wp-content\/uploads\/2024\/12\/image-514-300x200.png 300w, https:\/\/entretormentas.com\/wp-content\/uploads\/2024\/12\/image-514-768x512.png 768w, https:\/\/entretormentas.com\/wp-content\/uploads\/2024\/12\/image-514.png 1280w\" sizes=\"(max-width: 1024px) 100vw, 1024px\" \/><\/figure>\n\n\n\n<p>Asimismo, Marcos Rivero, presidente del IMAU, destac\u00f3 que gracias a la organizaci\u00f3n y planificaci\u00f3n de la Alcald\u00eda de Maracaibo, se pudo atender diversos puntos cr\u00edticos en el coraz\u00f3n del municipio extendiendo la tarea de limpieza hacia los corredores viales como Delicias, Milagro Norte, La Limpia, Bella Vista,, El Milagro y Padilla; y tambi\u00e9n hasta las adyacencias de El Poz\u00f3n del Saladillo, donde el IMA particip\u00f3 activamente con el operativo especial de barrido manual.<\/p>\n\n\n\n<p>\u201cUnas mil 200 toneladas de basura generadas por la compra de estrenos y regalos se recolectaron en el casco central y en las avenidas principales donde hay comercios de venta de juguetes y tiendas de ropa. Tambi\u00e9n se atendieron las parroquias que correspond\u00edan seg\u00fan cronograma que son Juana de \u00c1vila y Chiquinquir\u00e1. Luego de este operativo especial seguiremos trabajando en el saneamiento de las calles por las fechas decembrinas\u201d.<\/p>\n\n\n\n<p>Por su parte, Norberto Perozo, presidente del IMA, recalc\u00f3 su llamado de conciencia a los marabinos. \u201cEs necesario sumarnos a la limpieza y cuidado de Maracaibo. Nuestros equipos est\u00e1n haciendo un trabajo importantes para perfeccionar el saneamiento de la ciudad, pero es un trabajo que incluso en estas fechas de reencuentro nos involucra a todos como ciudadanos, como marabinos conscientes. Por eso el llamado es a qu\u00e9 sigan sacando la basura educada y que respeten el cronograma de recolecci\u00f3n\u201d.<br><strong><em>ET \/ DCI Alcald\u00eda de Maracaibo<\/em><\/strong><\/p>\n","protected":false},"excerpt":{"rendered":"<p>ENTRE TORMENTAS. Un total de mil 200 toneladas de desechos recolect\u00f3, este mi\u00e9rcoles 25 de&#8230;<\/p>\n","protected":false},"author":2,"featured_media":11765,"comment_status":"closed","ping_status":"open","sticky":false,"template":"","format":"standard","meta":{"footnotes":""},"categories":[57,1],"tags":[],"class_list":["post-11764","post","type-post","status-publish","format-standard","has-post-thumbnail","hentry","category-actualidad","category-regionales"],"_links":{"self":[{"href":"https:\/\/entretormentas.com\/index.php?rest_route=\/wp\/v2\/posts\/11764","targetHints":{"allow":["GET"]}}],"collection":[{"href":"https:\/\/entretormentas.com\/index.php?rest_route=\/wp\/v2\/posts"}],"about":[{"href":"https:\/\/entretormentas.com\/index.php?rest_route=\/wp\/v2\/types\/post"}],"author":[{"embeddable":true,"href":"https:\/\/entretormentas.com\/index.php?rest_route=\/wp\/v2\/users\/2"}],"replies":[{"embeddable":true,"href":"https:\/\/entretormentas.com\/index.php?rest_route=%2Fwp%2Fv2%2Fcomments&post=11764"}],"version-history":[{"count":1,"href":"https:\/\/entretormentas.com\/index.php?rest_route=\/wp\/v2\/posts\/11764\/revisions"}],"predecessor-version":[{"id":11767,"href":"https:\/\/entretormentas.com\/index.php?rest_route=\/wp\/v2\/posts\/11764\/revisions\/11767"}],"wp:featuredmedia":[{"embeddable":true,"href":"https:\/\/entretormentas.com\/index.php?rest_route=\/wp\/v2\/media\/11765"}],"wp:attachment":[{"href":"https:\/\/entretormentas.com\/index.php?rest_route=%2Fwp%2Fv2%2Fmedia&parent=11764"}],"wp:term":[{"taxonomy":"category","embeddable":true,"href":"https:\/\/entretormentas.com\/index.php?rest_route=%2Fwp%2Fv2%2Fcategories&post=11764"},{"taxonomy":"post_tag","embeddable":true,"href":"https:\/\/entretormentas.com\/index.php?rest_route=%2Fwp%2Fv2%2Ftags&post=11764"}],"curies":[{"name":"wp","href":"https:\/\/api.w.org\/{rel}","templated":true}]}}