{"id":11772,"date":"2024-12-27T09:52:35","date_gmt":"2024-12-27T08:52:35","guid":{"rendered":"https:\/\/entretormentas.com\/?p=11772"},"modified":"2024-12-27T09:52:35","modified_gmt":"2024-12-27T08:52:35","slug":"este-27-d-mas-de-600-funcionarios-de-seguridad-resguardaran-procesion-de-san-benito","status":"publish","type":"post","link":"https:\/\/entretormentas.com\/este-27-d-mas-de-600-funcionarios-de-seguridad-resguardaran-procesion-de-san-benito\/","title":{"rendered":"\u00a1ESTE 27-D! M\u00e1s de 600 funcionarios de seguridad resguardar\u00e1n procesi\u00f3n de San Benito"},"content":{"rendered":"\n<p><strong>ENTRE TORMENTAS. <\/strong>Todo est\u00e1 listo para el operativo de seguridad y resguardo en la procesi\u00f3n de San Benito rumbo al sector Ambrosio, en la que m\u00e1s de 600 funcionarios adscritos a los diferentes organismos se desplegar\u00e1n a lo largo y ancho de la tradicional fiesta en honor al Santo Negro.<\/p>\n\n\n\n<p>El operativo de seguridad iniciar\u00e1 a las 4:00 de la ma\u00f1ana respectivamente, mientras que la santa misa se realizar\u00e1 a las 7:00 de la ma\u00f1ana, oficiada por monse\u00f1or \u00c1ngel Francisco Caraballo Ferm\u00edn, obispo de la Di\u00f3cesis de Cabimas.<\/p>\n\n\n\n<p>Cabe destacar, que representantes de los diversos cuerpos de seguridad encabezados por el mayor Clovis Mendoza, primer comandante del Destacamento 113 de la Guardia Nacional Bolivariana (GNB) sostuvieron una reuni\u00f3n con las autoridades de la iglesia Nuestra Se\u00f1ora del Rosario Catedral de Cabimas, Fundaci\u00f3n San Benito, cargadores, vasallos, Alcald\u00eda del municipio y la Corporaci\u00f3n El\u00e9ctrica Nacional (Corpoelec) en pro de afinar todos los detalles y establecer el despliegue especial, as\u00ed como el plan para el m\u00e1ximo resguardo y orden p\u00fablico.<\/p>\n\n\n\n<p>La reuni\u00f3n estuvo encabezada por el mayor Clovis Mendoza, primer comandante del Destacamento 113 de la Guardia Nacional Bolivariana (GNB).<\/p>\n\n\n\n<p>Mendoza puntualiz\u00f3 que se activar\u00e1n en el despliegue m\u00e1s de 600 funcionarios de los diferentes cuerpos de seguridad, 120 unidades de motos y un total de 60 veh\u00edculos.<\/p>\n\n\n\n<p>Durante la reuni\u00f3n, Juan Campos, representante de la Fundaci\u00f3n de San Benito, inform\u00f3 que un total de 21 agrupaciones de chimb\u00e1ngueles acompa\u00f1ar\u00e1n al Santo Negro, as\u00ed como tambi\u00e9n m\u00e1s de 90 cargadores e indic\u00f3 que durante la Solemne Misa se har\u00e1 un toque a la Misericordia en honor a San Benito.<\/p>\n\n\n\n<figure class=\"wp-block-image size-full\"><img fetchpriority=\"high\" decoding=\"async\" width=\"584\" height=\"371\" src=\"https:\/\/entretormentas.com\/wp-content\/uploads\/2024\/12\/image-517.png\" alt=\"\" class=\"wp-image-11773\" srcset=\"https:\/\/entretormentas.com\/wp-content\/uploads\/2024\/12\/image-517.png 584w, https:\/\/entretormentas.com\/wp-content\/uploads\/2024\/12\/image-517-300x191.png 300w\" sizes=\"(max-width: 584px) 100vw, 584px\" \/><\/figure>\n\n\n\n<p>Por su parte, Jorge Figueroa, cargador de San Benito, puntualiz\u00f3 que toda la organizaci\u00f3n est\u00e1 lista para que la procesi\u00f3n sea todo un \u00e9xito y se eviten eventualidades.<\/p>\n\n\n\n<p>Estuvieron presentes en la reuni\u00f3n representantes de la Polic\u00eda Municipal de Cabimas (Policabimas), Cuerpo de Polic\u00eda Bolivariana del Estado Zulia (CPBEZ), Polic\u00eda Nacional Bolivariana (PNB), Protecci\u00f3n Civil (PC), Cuerpo de Bomberos de Cabimas (CBC), GNB y VEN 911.<\/p>\n\n\n\n<p>El padre Jorge P\u00e9rez Tobila, p\u00e1rroco de la Catedral de Cabimas extendi\u00f3 la invitaci\u00f3n a toda la feligres\u00eda y a tener un comportamiento ejemplar.<\/p>\n\n\n\n<p>PREVENCI\u00d3N E HIDRATACI\u00d3N<br>Con respecto al despliegue del Cuerpo de Bomberos de Cabimas se pudo conocer que se dispondr\u00e1 de tres ambulancias y el despliegue de un personal de siete motorizados con radio a lo largo de la procesi\u00f3n.<\/p>\n\n\n\n<p>M\u00e1s de cinco puntos de hidrataci\u00f3n estar\u00e1n habilitados ente ellos: Catedral , Escuela T\u00e9cnica Industrial (ETI), Plaza Le\u00f3n, Hospital General de Cabimas (HGC), Esquina de Bambi, entre otros indic\u00f3, la abogada Alcimary Arrieta en representaci\u00f3n de la Alcald\u00eda de Cabimas.<\/p>\n\n\n\n<p>Igualmente, precis\u00f3 que se ejecuta limpieza por parte del Instituto Municipal de Aseo Urbano en las principales v\u00edas tal como se hab\u00eda acordado previo y post a la procesi\u00f3n.<br><strong><em>ET \/ El Regional del Zulia<\/em><\/strong><\/p>\n\n\n\n<p><\/p>\n","protected":false},"excerpt":{"rendered":"<p>ENTRE TORMENTAS. Todo est\u00e1 listo para el operativo de seguridad y resguardo en la procesi\u00f3n&#8230;<\/p>\n","protected":false},"author":2,"featured_media":11774,"comment_status":"closed","ping_status":"open","sticky":false,"template":"","format":"standard","meta":{"footnotes":""},"categories":[57,1],"tags":[],"class_list":["post-11772","post","type-post","status-publish","format-standard","has-post-thumbnail","hentry","category-actualidad","category-regionales"],"_links":{"self":[{"href":"https:\/\/entretormentas.com\/index.php?rest_route=\/wp\/v2\/posts\/11772","targetHints":{"allow":["GET"]}}],"collection":[{"href":"https:\/\/entretormentas.com\/index.php?rest_route=\/wp\/v2\/posts"}],"about":[{"href":"https:\/\/entretormentas.com\/index.php?rest_route=\/wp\/v2\/types\/post"}],"author":[{"embeddable":true,"href":"https:\/\/entretormentas.com\/index.php?rest_route=\/wp\/v2\/users\/2"}],"replies":[{"embeddable":true,"href":"https:\/\/entretormentas.com\/index.php?rest_route=%2Fwp%2Fv2%2Fcomments&post=11772"}],"version-history":[{"count":1,"href":"https:\/\/entretormentas.com\/index.php?rest_route=\/wp\/v2\/posts\/11772\/revisions"}],"predecessor-version":[{"id":11775,"href":"https:\/\/entretormentas.com\/index.php?rest_route=\/wp\/v2\/posts\/11772\/revisions\/11775"}],"wp:featuredmedia":[{"embeddable":true,"href":"https:\/\/entretormentas.com\/index.php?rest_route=\/wp\/v2\/media\/11774"}],"wp:attachment":[{"href":"https:\/\/entretormentas.com\/index.php?rest_route=%2Fwp%2Fv2%2Fmedia&parent=11772"}],"wp:term":[{"taxonomy":"category","embeddable":true,"href":"https:\/\/entretormentas.com\/index.php?rest_route=%2Fwp%2Fv2%2Fcategories&post=11772"},{"taxonomy":"post_tag","embeddable":true,"href":"https:\/\/entretormentas.com\/index.php?rest_route=%2Fwp%2Fv2%2Ftags&post=11772"}],"curies":[{"name":"wp","href":"https:\/\/api.w.org\/{rel}","templated":true}]}}