{"id":11776,"date":"2024-12-27T09:55:21","date_gmt":"2024-12-27T08:55:21","guid":{"rendered":"https:\/\/entretormentas.com\/?p=11776"},"modified":"2024-12-27T09:55:22","modified_gmt":"2024-12-27T08:55:22","slug":"afirma-que-no-tiene-sentido-tomas-guanipa-apoya-disolucion-de-la-an-2015","status":"publish","type":"post","link":"https:\/\/entretormentas.com\/afirma-que-no-tiene-sentido-tomas-guanipa-apoya-disolucion-de-la-an-2015\/","title":{"rendered":"\u00a1AFIRMA QUE NO TIENE SENTIDO! Tom\u00e1s Guanipa apoya disoluci\u00f3n de la AN 2015"},"content":{"rendered":"\n<p><strong>ENTRE TORMENTAS. <\/strong>El dirigente de Primero Justicia Tom\u00e1s Guanipa opin\u00f3 que la Asamblea Nacional (AN) 2015, que recientemente extendi\u00f3 su mandato por un a\u00f1o m\u00e1s, \u00abno tiene sentido\u00bb ya porque tras las elecciones del 28 de julio se dio la legitimidad de un proceso en el que la poblaci\u00f3n se expres\u00f3.<\/p>\n\n\n\n<p>En entrevista concedida al periodista Vladimir Villegas, Guanipa dijo no saber c\u00f3mo se llev\u00f3 a cabo la \u00absesi\u00f3n oculta\u00bb que anunci\u00f3 la AN 2015.<\/p>\n\n\n\n<p>\u201cNo tengo idea de c\u00f3mo fue o si ocurri\u00f3 una sesi\u00f3n sobre ese tema. Quedamos bastante sorprendidos porque no ten\u00edamos ning\u00fan tipo de informaci\u00f3n (\u2026) Lo que tenemos es que buscar instrumentos \u00fatiles y reales para el cambio pol\u00edtico y hay ciclos que hay que cerrar porque los medios no pueden convertirse en un fin. Los medios valen la pena si al final respetamos la Constituci\u00f3n, respetamos el car\u00e1cter democr\u00e1tico de este pa\u00eds y respetamos el derecho de que el objetivo sea el cambio pol\u00edtico\u201d, destac\u00f3.<\/p>\n\n\n\n<p>A su juicio, se necesita hacer un nuevo replanteamiento de la lucha en el pa\u00eds y hacer una verdadera oposici\u00f3n que desemboque en el cambio en la administraci\u00f3n que se busca, al tiempo que se\u00f1al\u00f3 que, si bien el 10 de enero es importante, lo m\u00e1s relevante es que los venezolanos se mantengan luchando para hacer valer sus derechos.<\/p>\n\n\n\n<p>Tom\u00e1s Guanipa asegur\u00f3 que la Plataforma Unitaria contin\u00faa reuni\u00e9ndose, aunque indic\u00f3 que contin\u00faa un \u00abasedio\u00bb contra muchos dirigentes y que esas acciones complican la operatividad de la oposici\u00f3n; al igual que admiti\u00f3 que hay diferencias internas en c\u00f3mo asumir la fecha de toma de posesi\u00f3n y lo que viene luego.<\/p>\n\n\n\n<p>\u201cHay que resistir para hacer una oposici\u00f3n real que nos pueda llevar a un cambio y que ese cambio permita satisfacer las principales expectativas que tiene el pa\u00eds: cuando salgas puedas caminar libremente, que tu trabajo te alcance, que cuando elijas tu voto sea absolutamente aceptado por todos y donde la normalidad democr\u00e1tica no sea una utop\u00eda\u201d, manifest\u00f3.<\/p>\n\n\n\n<p>Para el pol\u00edtico de la tolda aurinegra, es importante que los dirigentes que se encuentran en el exterior se incorporen a un esfuerzo en com\u00fan que pasa por el reconocimiento de los sectores, que se imponga un consenso en vez de imponer una visi\u00f3n.<br><strong><em>ET \/ El Regional del Zulia<\/em><\/strong><\/p>\n\n\n\n<p><\/p>\n","protected":false},"excerpt":{"rendered":"<p>ENTRE TORMENTAS. El dirigente de Primero Justicia Tom\u00e1s Guanipa opin\u00f3 que la Asamblea Nacional (AN)&#8230;<\/p>\n","protected":false},"author":2,"featured_media":11778,"comment_status":"closed","ping_status":"open","sticky":false,"template":"","format":"standard","meta":{"footnotes":""},"categories":[56,49],"tags":[],"class_list":["post-11776","post","type-post","status-publish","format-standard","has-post-thumbnail","hentry","category-destacadas","category-nacionales"],"_links":{"self":[{"href":"https:\/\/entretormentas.com\/index.php?rest_route=\/wp\/v2\/posts\/11776","targetHints":{"allow":["GET"]}}],"collection":[{"href":"https:\/\/entretormentas.com\/index.php?rest_route=\/wp\/v2\/posts"}],"about":[{"href":"https:\/\/entretormentas.com\/index.php?rest_route=\/wp\/v2\/types\/post"}],"author":[{"embeddable":true,"href":"https:\/\/entretormentas.com\/index.php?rest_route=\/wp\/v2\/users\/2"}],"replies":[{"embeddable":true,"href":"https:\/\/entretormentas.com\/index.php?rest_route=%2Fwp%2Fv2%2Fcomments&post=11776"}],"version-history":[{"count":1,"href":"https:\/\/entretormentas.com\/index.php?rest_route=\/wp\/v2\/posts\/11776\/revisions"}],"predecessor-version":[{"id":11779,"href":"https:\/\/entretormentas.com\/index.php?rest_route=\/wp\/v2\/posts\/11776\/revisions\/11779"}],"wp:featuredmedia":[{"embeddable":true,"href":"https:\/\/entretormentas.com\/index.php?rest_route=\/wp\/v2\/media\/11778"}],"wp:attachment":[{"href":"https:\/\/entretormentas.com\/index.php?rest_route=%2Fwp%2Fv2%2Fmedia&parent=11776"}],"wp:term":[{"taxonomy":"category","embeddable":true,"href":"https:\/\/entretormentas.com\/index.php?rest_route=%2Fwp%2Fv2%2Fcategories&post=11776"},{"taxonomy":"post_tag","embeddable":true,"href":"https:\/\/entretormentas.com\/index.php?rest_route=%2Fwp%2Fv2%2Ftags&post=11776"}],"curies":[{"name":"wp","href":"https:\/\/api.w.org\/{rel}","templated":true}]}}