{"id":11783,"date":"2024-12-27T09:59:06","date_gmt":"2024-12-27T08:59:06","guid":{"rendered":"https:\/\/entretormentas.com\/?p=11783"},"modified":"2024-12-27T09:59:06","modified_gmt":"2024-12-27T08:59:06","slug":"tras-recientes-detenciones-foro-penal-contabiliza-mil-849-presos-politicos","status":"publish","type":"post","link":"https:\/\/entretormentas.com\/tras-recientes-detenciones-foro-penal-contabiliza-mil-849-presos-politicos\/","title":{"rendered":"\u00a1TRAS RECIENTES DETENCIONES! Foro Penal contabiliza mil 849 presos pol\u00edticos"},"content":{"rendered":"\n<p><strong>ENTRE TORMENTAS. <\/strong>La organizaci\u00f3n no gubernamental (ONG) Foro Penal afirm\u00f3 este jueves que Venezuela cuenta con mil 849 presos pol\u00edticos, tras las revisiones procesales y excarcelaciones de varios detenidos en las protestas postelectorales.<\/p>\n\n\n\n<p>El Ministerio P\u00fablico afirm\u00f3 el martes que hab\u00eda excarcelado a casi mil personas, la mayor\u00eda durante diciembre. Sin embargo, el Foro Penal ha contabilizado desde la semana pasada solamente 43 casos.<\/p>\n\n\n\n<p>La ONG asegur\u00f3 que todos los presos pol\u00edticos son adultos, puesto que los menores de edad fueron excarcelados. Asimismo, apunt\u00f3 que mil 628 son hombres y 221 mujeres, mientras que 162 son militares.<\/p>\n\n\n\n<p>El Foro Penal tambi\u00e9n se\u00f1al\u00f3 que desconoce el paradero de 29 de los detenidos y que 15 personas fueron arrestadas desde la semana pasada. Adem\u00e1s, mil 716 de los presos pol\u00edticos est\u00e1n sin una condena, mientras que 146 est\u00e1n condenados.<\/p>\n\n\n\n<p>\u00abHemos registrado y calificado el mayor n\u00famero de presos con fines pol\u00edticos conocido en Venezuela, al menos en el Siglo XXI. Seguimos recibiendo y registrando detenidos\u00bb, expuso el Foro Penal en su cuenta de X (Twitter).<\/p>\n\n\n\n<p>Para el 22 de julio hab\u00eda 305 presos pol\u00edticos. En consecuencia, mil 544 personas se sumaron a la lista en los \u00faltimos meses, periodo en el que fueron las elecciones presidenciales y estallaron las protestas contra los resultados.<br><strong><em>ET \/ Agencias<\/em><\/strong><\/p>\n","protected":false},"excerpt":{"rendered":"<p>ENTRE TORMENTAS. La organizaci\u00f3n no gubernamental (ONG) Foro Penal afirm\u00f3 este jueves que Venezuela cuenta&#8230;<\/p>\n","protected":false},"author":2,"featured_media":11784,"comment_status":"closed","ping_status":"open","sticky":false,"template":"","format":"standard","meta":{"footnotes":""},"categories":[56,49],"tags":[],"class_list":["post-11783","post","type-post","status-publish","format-standard","has-post-thumbnail","hentry","category-destacadas","category-nacionales"],"_links":{"self":[{"href":"https:\/\/entretormentas.com\/index.php?rest_route=\/wp\/v2\/posts\/11783","targetHints":{"allow":["GET"]}}],"collection":[{"href":"https:\/\/entretormentas.com\/index.php?rest_route=\/wp\/v2\/posts"}],"about":[{"href":"https:\/\/entretormentas.com\/index.php?rest_route=\/wp\/v2\/types\/post"}],"author":[{"embeddable":true,"href":"https:\/\/entretormentas.com\/index.php?rest_route=\/wp\/v2\/users\/2"}],"replies":[{"embeddable":true,"href":"https:\/\/entretormentas.com\/index.php?rest_route=%2Fwp%2Fv2%2Fcomments&post=11783"}],"version-history":[{"count":1,"href":"https:\/\/entretormentas.com\/index.php?rest_route=\/wp\/v2\/posts\/11783\/revisions"}],"predecessor-version":[{"id":11785,"href":"https:\/\/entretormentas.com\/index.php?rest_route=\/wp\/v2\/posts\/11783\/revisions\/11785"}],"wp:featuredmedia":[{"embeddable":true,"href":"https:\/\/entretormentas.com\/index.php?rest_route=\/wp\/v2\/media\/11784"}],"wp:attachment":[{"href":"https:\/\/entretormentas.com\/index.php?rest_route=%2Fwp%2Fv2%2Fmedia&parent=11783"}],"wp:term":[{"taxonomy":"category","embeddable":true,"href":"https:\/\/entretormentas.com\/index.php?rest_route=%2Fwp%2Fv2%2Fcategories&post=11783"},{"taxonomy":"post_tag","embeddable":true,"href":"https:\/\/entretormentas.com\/index.php?rest_route=%2Fwp%2Fv2%2Ftags&post=11783"}],"curies":[{"name":"wp","href":"https:\/\/api.w.org\/{rel}","templated":true}]}}