{"id":11799,"date":"2024-12-28T10:05:50","date_gmt":"2024-12-28T09:05:50","guid":{"rendered":"https:\/\/entretormentas.com\/?p=11799"},"modified":"2024-12-28T10:05:50","modified_gmt":"2024-12-28T09:05:50","slug":"neguito-como-figura-principal-gaiteros-de-corazon-cierra-temporada-gaitera-2024-con-concierto-gratuito-en-santa-lucia","status":"publish","type":"post","link":"https:\/\/entretormentas.com\/neguito-como-figura-principal-gaiteros-de-corazon-cierra-temporada-gaitera-2024-con-concierto-gratuito-en-santa-lucia\/","title":{"rendered":"\u00a1NEGUITO COMO FIGURA PRINCIPAL! \u00abGaiteros de Coraz\u00f3n\u00bb cierra temporada gaitera 2024 con concierto gratuito en Santa Luc\u00eda"},"content":{"rendered":"\n<p><strong>ENTRE TORMENTAS.<\/strong> La gaita zuliana se despide del a\u00f1o con broche de oro. Este s\u00e1bado 28 de diciembre, a partir de las 6:00 de la tarde, el reconocido cantante y compositor Neguito Borjas ofrecer\u00e1 un concierto gratuito en Santa Luc\u00eda, organizado por la Fundaci\u00f3n Nacional de la Gaita \u201cGaiteros y Gaiteras de Coraz\u00f3n\u201d.<\/p>\n\n\n\n<p>El evento, que se llevar\u00e1 a cabo en la Parroquia Santa Lucia, promete ser una noche llena de m\u00fasica, alegr\u00eda y tradici\u00f3n.<\/p>\n\n\n\n<p>Neguito Borjas, acompa\u00f1ado de su agrupaci\u00f3n Gaiteros del Poz\u00f3n, interpretar\u00e1 sus m\u00e1s grandes \u00e9xitos, incluyendo el emblem\u00e1tico tema \u00abSin Rencor\u00bb.<\/p>\n\n\n\n<p>La Fundaci\u00f3n Nacional de la Gaita ha preparado un espect\u00e1culo de primer nivel para deleite de los zulianos y visitantes.<\/p>\n\n\n\n<p>Adem\u00e1s de Neguito Borjas, tambi\u00e9n participar\u00e1n en el concierto Los Verduguitos de Cabimas, El grupo Candela y los Zagalines del Padre V\u00eclchez, quienes pondr\u00e1n a bailar a todos los presentes con sus interpretaciones llenas de energ\u00eda.<\/p>\n\n\n\n<p>\u00abEstamos muy emocionados de cerrar la temporada gaitera 2024 con este evento tan especial\u00bb, expres\u00f3 Jhosele Sarabia, El Reportero Gaitero.<\/p>\n\n\n\n<p>\u00abNeguito Borjas es un \u00edcono de la gaita zuliana y estamos seguros de que este concierto ser\u00e1 inolvidable\u00bb, expres\u00f3.<\/p>\n\n\n\n<p>Este concierto gratuito es una oportunidad para que todos los zulianos, y aquellos que aman la gaita, disfruten de una velada llena de m\u00fasica y tradici\u00f3n de fin de a\u00f1o.<br><strong><em>ET \/ Nota de Prensa<\/em><\/strong><\/p>\n\n\n\n<p><\/p>\n","protected":false},"excerpt":{"rendered":"<p>ENTRE TORMENTAS. La gaita zuliana se despide del a\u00f1o con broche de oro. Este s\u00e1bado&#8230;<\/p>\n","protected":false},"author":2,"featured_media":11800,"comment_status":"closed","ping_status":"open","sticky":false,"template":"","format":"standard","meta":{"footnotes":""},"categories":[57,1],"tags":[],"class_list":["post-11799","post","type-post","status-publish","format-standard","has-post-thumbnail","hentry","category-actualidad","category-regionales"],"_links":{"self":[{"href":"https:\/\/entretormentas.com\/index.php?rest_route=\/wp\/v2\/posts\/11799","targetHints":{"allow":["GET"]}}],"collection":[{"href":"https:\/\/entretormentas.com\/index.php?rest_route=\/wp\/v2\/posts"}],"about":[{"href":"https:\/\/entretormentas.com\/index.php?rest_route=\/wp\/v2\/types\/post"}],"author":[{"embeddable":true,"href":"https:\/\/entretormentas.com\/index.php?rest_route=\/wp\/v2\/users\/2"}],"replies":[{"embeddable":true,"href":"https:\/\/entretormentas.com\/index.php?rest_route=%2Fwp%2Fv2%2Fcomments&post=11799"}],"version-history":[{"count":1,"href":"https:\/\/entretormentas.com\/index.php?rest_route=\/wp\/v2\/posts\/11799\/revisions"}],"predecessor-version":[{"id":11801,"href":"https:\/\/entretormentas.com\/index.php?rest_route=\/wp\/v2\/posts\/11799\/revisions\/11801"}],"wp:featuredmedia":[{"embeddable":true,"href":"https:\/\/entretormentas.com\/index.php?rest_route=\/wp\/v2\/media\/11800"}],"wp:attachment":[{"href":"https:\/\/entretormentas.com\/index.php?rest_route=%2Fwp%2Fv2%2Fmedia&parent=11799"}],"wp:term":[{"taxonomy":"category","embeddable":true,"href":"https:\/\/entretormentas.com\/index.php?rest_route=%2Fwp%2Fv2%2Fcategories&post=11799"},{"taxonomy":"post_tag","embeddable":true,"href":"https:\/\/entretormentas.com\/index.php?rest_route=%2Fwp%2Fv2%2Ftags&post=11799"}],"curies":[{"name":"wp","href":"https:\/\/api.w.org\/{rel}","templated":true}]}}