{"id":11815,"date":"2024-12-28T10:17:39","date_gmt":"2024-12-28T09:17:39","guid":{"rendered":"https:\/\/entretormentas.com\/?p=11815"},"modified":"2024-12-28T10:17:39","modified_gmt":"2024-12-28T09:17:39","slug":"en-la-calle-oficialismo-convoca-marchas-en-caracas-y-cinco-estados-el-10-e","status":"publish","type":"post","link":"https:\/\/entretormentas.com\/en-la-calle-oficialismo-convoca-marchas-en-caracas-y-cinco-estados-el-10-e\/","title":{"rendered":"\u00a1EN LA CALLE! Oficialismo convoca marchas en Caracas y cinco estados el 10-E"},"content":{"rendered":"\n<p><strong>ENTRE TORMENTAS. <\/strong>El oficialismo convoc\u00f3 este viernes a sus militantes a \u00abgrandes marchas\u00bb en Caracas y cinco regiones para el pr\u00f3ximo 10 de enero en el marco de la toma de posesi\u00f3n del presidente Nicol\u00e1s Maduro.<\/p>\n\n\n\n<p>Ese d\u00eda, se proponen \u00abllenar\u00bb una decena de avenidas de Caracas y marchar en los estados Zulia, T\u00e1chira, Apure y Amazonas, as\u00ed como en Nueva Esparta, explic\u00f3 el vicepresidente de Movilizaci\u00f3n y Eventos del Partido Socialista Unido (PSUV), Nahum Fern\u00e1ndez, en rueda de prensa trasmitida por el canal VTV.<\/p>\n\n\n\n<p>\u00abEl 10 yo juro con Maduro\u00bb, dijo el tambi\u00e9n jefe de Gobierno de Caracas, quien asegur\u00f3 que ser\u00e1n \u00abgrandes marchas\u00bb en respaldo al presidente.<\/p>\n\n\n\n<p>Fern\u00e1ndez, junto con la alcaldesa de Caracas, Carmen Mel\u00e9ndez, indic\u00f3 que esas movilizaciones forman parte de una agenda que contempla actividades culturales, deportivas y religiosas en la capital durante todo el pr\u00f3ximo mes hasta el 4 de febrero, cuando conmemorar\u00e1n los 33 a\u00f1os del intento de golpe Estado de 1992, rese\u00f1a EFE.<\/p>\n\n\n\n<p>La agenda, denominada \u2018Enero de victoria 2025\u2019, incluye festejos por el D\u00eda de Reyes, una marat\u00f3n de 21 kil\u00f3metros, desfiles, caravanas de motoristas, conciertos, una marcha por el comienzo del \u00faltimo a\u00f1o del actual Parlamento y la celebraci\u00f3n, los d\u00edas 8 y 9, de otro \u00abcongreso internacional antifascista\u00bb.<br><strong><em>ET \/ Agencias<\/em><\/strong><\/p>\n","protected":false},"excerpt":{"rendered":"<p>ENTRE TORMENTAS. El oficialismo convoc\u00f3 este viernes a sus militantes a \u00abgrandes marchas\u00bb en Caracas&#8230;<\/p>\n","protected":false},"author":2,"featured_media":11816,"comment_status":"closed","ping_status":"open","sticky":false,"template":"","format":"standard","meta":{"footnotes":""},"categories":[56,49],"tags":[],"class_list":["post-11815","post","type-post","status-publish","format-standard","has-post-thumbnail","hentry","category-destacadas","category-nacionales"],"_links":{"self":[{"href":"https:\/\/entretormentas.com\/index.php?rest_route=\/wp\/v2\/posts\/11815","targetHints":{"allow":["GET"]}}],"collection":[{"href":"https:\/\/entretormentas.com\/index.php?rest_route=\/wp\/v2\/posts"}],"about":[{"href":"https:\/\/entretormentas.com\/index.php?rest_route=\/wp\/v2\/types\/post"}],"author":[{"embeddable":true,"href":"https:\/\/entretormentas.com\/index.php?rest_route=\/wp\/v2\/users\/2"}],"replies":[{"embeddable":true,"href":"https:\/\/entretormentas.com\/index.php?rest_route=%2Fwp%2Fv2%2Fcomments&post=11815"}],"version-history":[{"count":1,"href":"https:\/\/entretormentas.com\/index.php?rest_route=\/wp\/v2\/posts\/11815\/revisions"}],"predecessor-version":[{"id":11817,"href":"https:\/\/entretormentas.com\/index.php?rest_route=\/wp\/v2\/posts\/11815\/revisions\/11817"}],"wp:featuredmedia":[{"embeddable":true,"href":"https:\/\/entretormentas.com\/index.php?rest_route=\/wp\/v2\/media\/11816"}],"wp:attachment":[{"href":"https:\/\/entretormentas.com\/index.php?rest_route=%2Fwp%2Fv2%2Fmedia&parent=11815"}],"wp:term":[{"taxonomy":"category","embeddable":true,"href":"https:\/\/entretormentas.com\/index.php?rest_route=%2Fwp%2Fv2%2Fcategories&post=11815"},{"taxonomy":"post_tag","embeddable":true,"href":"https:\/\/entretormentas.com\/index.php?rest_route=%2Fwp%2Fv2%2Ftags&post=11815"}],"curies":[{"name":"wp","href":"https:\/\/api.w.org\/{rel}","templated":true}]}}