{"id":11818,"date":"2024-12-28T10:20:04","date_gmt":"2024-12-28T09:20:04","guid":{"rendered":"https:\/\/entretormentas.com\/?p=11818"},"modified":"2024-12-28T10:20:04","modified_gmt":"2024-12-28T09:20:04","slug":"segun-el-fiscal-procesan-a-gendarme-argentino-por-vinculacion-a-acciones-terroristas","status":"publish","type":"post","link":"https:\/\/entretormentas.com\/segun-el-fiscal-procesan-a-gendarme-argentino-por-vinculacion-a-acciones-terroristas\/","title":{"rendered":"\u00a1SEG\u00daN EL FISCAL! Procesan a gendarme argentino por vinculaci\u00f3n a acciones terroristas"},"content":{"rendered":"\n<p><strong>ENTRE TORMENTAS. <\/strong>Habi\u00e9ndose cumplido con los plazos procesales correspondientes seg\u00fan lo prev\u00e9 el C\u00f3digo Org\u00e1nico Procesal Penal, el Ministerio P\u00fablico inform\u00f3 a trav\u00e9s de un comunicado que Nahuel Agust\u00edn Gallo ha sido detenido al haber intentado ingresar irregularmente a Venezuela ocultando su verdadero plan criminal \u00abbajo el ropaje de una visita sentimental\u00bb.<\/p>\n\n\n\n<p>En tal sentido, dicho ciudadano se encuentra sometido a la respectiva investigaci\u00f3n por su vinculaci\u00f3n a un grupo de personas que intentaron desde Venezuela con apoyo de grupos de la ultraderecha internacional ejecutar una serie de acciones desestabilizadoras y terroristas.<\/p>\n\n\n\n<figure class=\"wp-block-image size-full\"><img fetchpriority=\"high\" decoding=\"async\" width=\"768\" height=\"985\" src=\"https:\/\/entretormentas.com\/wp-content\/uploads\/2024\/12\/image-537.png\" alt=\"\" class=\"wp-image-11820\" srcset=\"https:\/\/entretormentas.com\/wp-content\/uploads\/2024\/12\/image-537.png 768w, https:\/\/entretormentas.com\/wp-content\/uploads\/2024\/12\/image-537-234x300.png 234w\" sizes=\"(max-width: 768px) 100vw, 768px\" \/><\/figure>\n\n\n\n<p>El imputado de nacionalidad argentina est\u00e1 a disposici\u00f3n del juez en base a lo establecido por nuestra Constituci\u00f3n y las leyes nacionales.<\/p>\n\n\n\n<p>Afirma el Ministerio P\u00fablico que las declaraciones y acciones realizadas por el gobierno argentino, utilizando a los familiares del procesado, as\u00ed como la resoluci\u00f3n judicial tomada por la C\u00e1mara Federal de Mendoza, dejan clara \u00abla complicidad de las autoridades de esa Naci\u00f3n en los planes subversivos que buscan atacar por cualquier v\u00eda al Estado venezolano y a sus instituciones leg\u00edtimas\u00bb, concluye el comunicado.<br><strong><em>ET \/ Nota de prensa<\/em><\/strong><\/p>\n","protected":false},"excerpt":{"rendered":"<p>ENTRE TORMENTAS. Habi\u00e9ndose cumplido con los plazos procesales correspondientes seg\u00fan lo prev\u00e9 el C\u00f3digo Org\u00e1nico&#8230;<\/p>\n","protected":false},"author":2,"featured_media":11819,"comment_status":"closed","ping_status":"open","sticky":false,"template":"","format":"standard","meta":{"footnotes":""},"categories":[56,49],"tags":[],"class_list":["post-11818","post","type-post","status-publish","format-standard","has-post-thumbnail","hentry","category-destacadas","category-nacionales"],"_links":{"self":[{"href":"https:\/\/entretormentas.com\/index.php?rest_route=\/wp\/v2\/posts\/11818","targetHints":{"allow":["GET"]}}],"collection":[{"href":"https:\/\/entretormentas.com\/index.php?rest_route=\/wp\/v2\/posts"}],"about":[{"href":"https:\/\/entretormentas.com\/index.php?rest_route=\/wp\/v2\/types\/post"}],"author":[{"embeddable":true,"href":"https:\/\/entretormentas.com\/index.php?rest_route=\/wp\/v2\/users\/2"}],"replies":[{"embeddable":true,"href":"https:\/\/entretormentas.com\/index.php?rest_route=%2Fwp%2Fv2%2Fcomments&post=11818"}],"version-history":[{"count":1,"href":"https:\/\/entretormentas.com\/index.php?rest_route=\/wp\/v2\/posts\/11818\/revisions"}],"predecessor-version":[{"id":11821,"href":"https:\/\/entretormentas.com\/index.php?rest_route=\/wp\/v2\/posts\/11818\/revisions\/11821"}],"wp:featuredmedia":[{"embeddable":true,"href":"https:\/\/entretormentas.com\/index.php?rest_route=\/wp\/v2\/media\/11819"}],"wp:attachment":[{"href":"https:\/\/entretormentas.com\/index.php?rest_route=%2Fwp%2Fv2%2Fmedia&parent=11818"}],"wp:term":[{"taxonomy":"category","embeddable":true,"href":"https:\/\/entretormentas.com\/index.php?rest_route=%2Fwp%2Fv2%2Fcategories&post=11818"},{"taxonomy":"post_tag","embeddable":true,"href":"https:\/\/entretormentas.com\/index.php?rest_route=%2Fwp%2Fv2%2Ftags&post=11818"}],"curies":[{"name":"wp","href":"https:\/\/api.w.org\/{rel}","templated":true}]}}