{"id":11822,"date":"2024-12-28T10:22:34","date_gmt":"2024-12-28T09:22:34","guid":{"rendered":"https:\/\/entretormentas.com\/?p=11822"},"modified":"2024-12-28T10:22:34","modified_gmt":"2024-12-28T09:22:34","slug":"respuesta-argentina-rechaza-las-acusaciones-de-venezuela-sobre-gendarme-detenido","status":"publish","type":"post","link":"https:\/\/entretormentas.com\/respuesta-argentina-rechaza-las-acusaciones-de-venezuela-sobre-gendarme-detenido\/","title":{"rendered":"\u00a1RESPUESTA\u00a1 Argentina rechaza las acusaciones de Venezuela sobre gendarme detenido"},"content":{"rendered":"\n<p><strong>ENTRE TORMENTAS. <\/strong>El Gobierno de Argentina se mostr\u00f3 este viernes aliviado por el \u00abreconocimiento\u00bb de Venezuela de la detenci\u00f3n del gendarme argentino, Nahuel Gallo, pero calific\u00f3 de \u00abgran mentira\u00bb la notificaci\u00f3n de las acusaciones del Ministerio P\u00fablico venezolano que recibi\u00f3 a trav\u00e9s de Brasil, rese\u00f1a EFE.<\/p>\n\n\n\n<p>\u00abArgentina est\u00e1 haciendo todos los esfuerzos para poder terminar con esto, que es una gran mentira, una gran falacia, de una persona de familia, joven, que trabaja en la Gendarmer\u00eda, y todo lo dem\u00e1s es un invento horrible\u00bb, dijo el canciller argentino, Gerardo Werthein, en una rueda de prensa con su par de Seguridad, Patricia Bullrich.<\/p>\n\n\n\n<figure class=\"wp-block-image size-large\"><img fetchpriority=\"high\" decoding=\"async\" width=\"1024\" height=\"684\" src=\"https:\/\/entretormentas.com\/wp-content\/uploads\/2024\/12\/image-539-1024x684.png\" alt=\"\" class=\"wp-image-11824\" srcset=\"https:\/\/entretormentas.com\/wp-content\/uploads\/2024\/12\/image-539-1024x684.png 1024w, https:\/\/entretormentas.com\/wp-content\/uploads\/2024\/12\/image-539-300x200.png 300w, https:\/\/entretormentas.com\/wp-content\/uploads\/2024\/12\/image-539-768x513.png 768w, https:\/\/entretormentas.com\/wp-content\/uploads\/2024\/12\/image-539.png 1202w\" sizes=\"(max-width: 1024px) 100vw, 1024px\" \/><\/figure>\n\n\n\n<p>Bullrich reconoci\u00f3 que en el Gobierno de Javier Milei est\u00e1n \u00abm\u00e1s tranquilos\u00bb por haber recibido \u00abel reconocimiento\u00bb por parte de Venezuela, \u00abde pasar de ser una persona desaparecida a un preso bajo juzgamiento\u00bb.<\/p>\n\n\n\n<p>Werthein prefiri\u00f3 la \u00abdiscreci\u00f3n\u00bb sobre los pa\u00edses y personas que ayudan a Argentina a recuperar al gendarme, ya que su embajada en Caracas es administrada por Brasil. Werthein aclar\u00f3 que la notificaci\u00f3n oficial que recibi\u00f3 el Gobierno argentino a trav\u00e9s del brasile\u00f1o no menciona el paradero del gendarme.<br><strong><em>ET \/ Agencias<\/em><\/strong><\/p>\n","protected":false},"excerpt":{"rendered":"<p>ENTRE TORMENTAS. El Gobierno de Argentina se mostr\u00f3 este viernes aliviado por el \u00abreconocimiento\u00bb de&#8230;<\/p>\n","protected":false},"author":2,"featured_media":11823,"comment_status":"closed","ping_status":"open","sticky":false,"template":"","format":"standard","meta":{"footnotes":""},"categories":[56,48],"tags":[],"class_list":["post-11822","post","type-post","status-publish","format-standard","has-post-thumbnail","hentry","category-destacadas","category-internacionales"],"_links":{"self":[{"href":"https:\/\/entretormentas.com\/index.php?rest_route=\/wp\/v2\/posts\/11822","targetHints":{"allow":["GET"]}}],"collection":[{"href":"https:\/\/entretormentas.com\/index.php?rest_route=\/wp\/v2\/posts"}],"about":[{"href":"https:\/\/entretormentas.com\/index.php?rest_route=\/wp\/v2\/types\/post"}],"author":[{"embeddable":true,"href":"https:\/\/entretormentas.com\/index.php?rest_route=\/wp\/v2\/users\/2"}],"replies":[{"embeddable":true,"href":"https:\/\/entretormentas.com\/index.php?rest_route=%2Fwp%2Fv2%2Fcomments&post=11822"}],"version-history":[{"count":1,"href":"https:\/\/entretormentas.com\/index.php?rest_route=\/wp\/v2\/posts\/11822\/revisions"}],"predecessor-version":[{"id":11825,"href":"https:\/\/entretormentas.com\/index.php?rest_route=\/wp\/v2\/posts\/11822\/revisions\/11825"}],"wp:featuredmedia":[{"embeddable":true,"href":"https:\/\/entretormentas.com\/index.php?rest_route=\/wp\/v2\/media\/11823"}],"wp:attachment":[{"href":"https:\/\/entretormentas.com\/index.php?rest_route=%2Fwp%2Fv2%2Fmedia&parent=11822"}],"wp:term":[{"taxonomy":"category","embeddable":true,"href":"https:\/\/entretormentas.com\/index.php?rest_route=%2Fwp%2Fv2%2Fcategories&post=11822"},{"taxonomy":"post_tag","embeddable":true,"href":"https:\/\/entretormentas.com\/index.php?rest_route=%2Fwp%2Fv2%2Ftags&post=11822"}],"curies":[{"name":"wp","href":"https:\/\/api.w.org\/{rel}","templated":true}]}}