{"id":11838,"date":"2024-12-30T09:26:56","date_gmt":"2024-12-30T08:26:56","guid":{"rendered":"https:\/\/entretormentas.com\/?p=11838"},"modified":"2024-12-30T09:26:57","modified_gmt":"2024-12-30T08:26:57","slug":"al-son-de-tambores-municipio-san-francisco-se-suma-a-las-fiestas-de-san-benito-de-palermo","status":"publish","type":"post","link":"https:\/\/entretormentas.com\/al-son-de-tambores-municipio-san-francisco-se-suma-a-las-fiestas-de-san-benito-de-palermo\/","title":{"rendered":"\u00a1AL SON DE TAMBORES! Municipio San Francisco se suma a las fiestas de San Benito de Palermo"},"content":{"rendered":"\n<p><strong>ENTRE TORMENTAS. <\/strong>Por d\u00e9cadas, el estado Zulia se viste de gala para celebrar a San Benito de Palermo. Este fervor cristiano se extiende por la geograf\u00eda sure\u00f1a, y el 27 de diciembre, el municipio San Francisco se engalana con el ritmo del tambor y c\u00e1nticos en los rincones de las parroquias de El Bajo, San Francisco y Francisco Ochoa.<\/p>\n\n\n\n<p>El pasado 28 de noviembre, la Gobernaci\u00f3n del Zulia declar\u00f3 patrimonio cultural de la regi\u00f3n el culto a San Benito de Palermo y los Chimbangueles, en un acto celebrado<br>con una misa de acci\u00f3n de gracias, seguida de una sesi\u00f3n solemne conjunta del Consejo Legislativo del estado Zulia y el Concejo Municipal de Sucre en el municipio Sucre del Sur del Lago de Maracaibo.<\/p>\n\n\n\n<p>A trav\u00e9s del Decreto No. 1.154, publicado en la Gaceta Oficial No. 5.667, se instruye a las autoridades educativas estatales y se insta a las nacionales y municipales a promover y difundir la relevancia de este culto en la cultura zuliana y nacional.<\/p>\n\n\n\n<p>Ante esto, la directora de Turismo del municipio San Francisco, Glayvic Boh\u00f3rquez, expres\u00f3 que los feligreses sanfranciscanos celebraron con total calma las eucarist\u00edas y procesiones en honor al Santo Negro. \u201cEstas actividades forman parte de las tradiciones de los ciudadanos, sobre todo del turismo religioso. Por lo cual, desde la gesti\u00f3n de nuestro alcalde Gustavo Fern\u00e1ndez, queremos proyectarlas y darlas a conocer, garantizando que estos eventos sean de completa devoci\u00f3n cristiana\u201d, declar\u00f3.<\/p>\n\n\n\n<p>Los feligreses comentan que esta devoci\u00f3n est\u00e1 arraigada en la cultura del municipio, ya que San Benito es un santo precursor de la caridad y solidaridad, adem\u00e1s de impartir la uni\u00f3n plena con Dios a trav\u00e9s del buen vivir y el amor al pr\u00f3jimo. Es considerado el patrono de los afrodescendientes y una parte fundamental del mestizaje en la regi\u00f3n.<\/p>\n\n\n\n<p>Loriana Rinc\u00f3n, una creyente, expresa que todos los a\u00f1os visita el municipio para participar en la tradici\u00f3n. \u201cEsta fecha para mi familia simboliza nuestras costumbres religiosas. Desde hace 18 a\u00f1os vengo con mi esposo, quien es vasallo. Lo hago por fe y siempre le pido que cuide a mi familia y por la uni\u00f3n de Venezuela\u201d, expres\u00f3.<\/p>\n\n\n\n<figure class=\"wp-block-image size-large\"><img fetchpriority=\"high\" decoding=\"async\" width=\"1024\" height=\"576\" src=\"https:\/\/entretormentas.com\/wp-content\/uploads\/2024\/12\/image-548-1024x576.png\" alt=\"\" class=\"wp-image-11840\" srcset=\"https:\/\/entretormentas.com\/wp-content\/uploads\/2024\/12\/image-548-1024x576.png 1024w, https:\/\/entretormentas.com\/wp-content\/uploads\/2024\/12\/image-548-300x169.png 300w, https:\/\/entretormentas.com\/wp-content\/uploads\/2024\/12\/image-548-768x432.png 768w, https:\/\/entretormentas.com\/wp-content\/uploads\/2024\/12\/image-548.png 1280w\" sizes=\"(max-width: 1024px) 100vw, 1024px\" \/><\/figure>\n\n\n\n<p><strong>CUESTI\u00d3N DE FE Y FAMILIA<\/strong><br>Muchos han sido los milagros que San Benito de Palermo ha realizado. Siendo el municipio San Francisco parte de esta conmemoraci\u00f3n, cuenta con una parroquia eclesi\u00e1stica conocida como Pur\u00edsima Madre de Dios y San Benito de Palermo, donde se rinde culto a este religioso. Esta parroquia est\u00e1 ubicada en la parroquia El Bajo y tambi\u00e9n hay peque\u00f1os templos en lugares como Sierra Maestra, donde sus vasallos se instruyen por generaciones para rendir tributo con el toque de tambor.<\/p>\n\n\n\n<p>Tal es el caso de Estiferson Solarte, parte de la directiva de los vasallos de Cumbecubal, quien menciona que sus antepasados han pertenecido a las filas de hombres y mujeres que recorren las calles llevando la bendici\u00f3n del Santo Negro. \u201cMi devoci\u00f3n es la herencia que me dejaron mis familiares, creyendo en un santo muy milagroso que demuestra bondad, humildad y servicialidad\u201d.<\/p>\n\n\n\n<p>Por otro lado, Roney Manzanillo, tambi\u00e9n vasallo, expresa: \u201cMi fe est\u00e1 puesta en el Santo Negro, ya que de ni\u00f1o sufr\u00ed una quemadura y por su bendici\u00f3n ahora estoy vivo. Por ello, todos los a\u00f1os lo acompa\u00f1o. Como agradecimiento, le toco el tambor todas las noches\u201d.<\/p>\n\n\n\n<p>Por su parte, la gesti\u00f3n del alcalde Gustavo Fern\u00e1ndez M\u00e9ndez reafirma su compromiso con las comunidades, fortaleciendo los lazos y promoviendo los valores que hacen de San Francisco un municipio \u00fanico y orgulloso de sus ra\u00edces.<br><strong><em>ET \/ Alcald\u00eda de San Francisco<\/em><\/strong><\/p>\n\n\n\n<p><\/p>\n","protected":false},"excerpt":{"rendered":"<p>ENTRE TORMENTAS. Por d\u00e9cadas, el estado Zulia se viste de gala para celebrar a San&#8230;<\/p>\n","protected":false},"author":2,"featured_media":11839,"comment_status":"closed","ping_status":"open","sticky":false,"template":"","format":"standard","meta":{"footnotes":""},"categories":[57,1],"tags":[],"class_list":["post-11838","post","type-post","status-publish","format-standard","has-post-thumbnail","hentry","category-actualidad","category-regionales"],"_links":{"self":[{"href":"https:\/\/entretormentas.com\/index.php?rest_route=\/wp\/v2\/posts\/11838","targetHints":{"allow":["GET"]}}],"collection":[{"href":"https:\/\/entretormentas.com\/index.php?rest_route=\/wp\/v2\/posts"}],"about":[{"href":"https:\/\/entretormentas.com\/index.php?rest_route=\/wp\/v2\/types\/post"}],"author":[{"embeddable":true,"href":"https:\/\/entretormentas.com\/index.php?rest_route=\/wp\/v2\/users\/2"}],"replies":[{"embeddable":true,"href":"https:\/\/entretormentas.com\/index.php?rest_route=%2Fwp%2Fv2%2Fcomments&post=11838"}],"version-history":[{"count":1,"href":"https:\/\/entretormentas.com\/index.php?rest_route=\/wp\/v2\/posts\/11838\/revisions"}],"predecessor-version":[{"id":11841,"href":"https:\/\/entretormentas.com\/index.php?rest_route=\/wp\/v2\/posts\/11838\/revisions\/11841"}],"wp:featuredmedia":[{"embeddable":true,"href":"https:\/\/entretormentas.com\/index.php?rest_route=\/wp\/v2\/media\/11839"}],"wp:attachment":[{"href":"https:\/\/entretormentas.com\/index.php?rest_route=%2Fwp%2Fv2%2Fmedia&parent=11838"}],"wp:term":[{"taxonomy":"category","embeddable":true,"href":"https:\/\/entretormentas.com\/index.php?rest_route=%2Fwp%2Fv2%2Fcategories&post=11838"},{"taxonomy":"post_tag","embeddable":true,"href":"https:\/\/entretormentas.com\/index.php?rest_route=%2Fwp%2Fv2%2Ftags&post=11838"}],"curies":[{"name":"wp","href":"https:\/\/api.w.org\/{rel}","templated":true}]}}