{"id":11854,"date":"2024-12-30T09:38:42","date_gmt":"2024-12-30T08:38:42","guid":{"rendered":"https:\/\/entretormentas.com\/?p=11854"},"modified":"2024-12-30T09:38:42","modified_gmt":"2024-12-30T08:38:42","slug":"en-san-francisco-imasur-recoge-16-mil-toneladas-de-desechos-solidos-durante-la-epoca-decembrina","status":"publish","type":"post","link":"https:\/\/entretormentas.com\/en-san-francisco-imasur-recoge-16-mil-toneladas-de-desechos-solidos-durante-la-epoca-decembrina\/","title":{"rendered":"\u00a1EN SAN FRANCISCO! Imasur recoge 16 mil toneladas de desechos s\u00f3lidos durante la \u00e9poca decembrina"},"content":{"rendered":"\n<p><strong>ENTRE TORMENTAS. <\/strong>En lo que va del mes de diciembre, la alcald\u00eda del municipio San Francisco, a trav\u00e9s del Instituto P\u00fablico Municipal de Ambiente y Aseo Urbano (Imasur) ha logrado recolectar 16 mil toneladas de desechos s\u00f3lidos, observando una mayor acumulaci\u00f3n por la \u00e9poca decembrina.<\/p>\n\n\n\n<p>Carlos Calles, presidente de Imasur manifest\u00f3, que ante el crecimiento exponencial de la actividad comercial en el municipio San Francisco, la cantidad de residuos se ha incrementado considerablemente. Para ello ha sido necesario desplegar en todo el municipio los equipos t\u00e9cnicos y operativos, con maquinaria pesada, camiones compactadores, volteo, estaca, volqueta, cargadores, trimotos y cuadrillas de barrido manual, a fin de brindarle a los sanfranciscanos un entorno m\u00e1s armonioso y saludable.<\/p>\n\n\n\n<p>En esta ocasi\u00f3n las zonas beneficiadas con el dispositivo especial de recolecci\u00f3n corresponden a la parte interna del Hospital \u00abDr. Manuel Noriega Trigo\u00bb en la parroquia San Francisco, Av. 5 desde la Plaza de las Banderas hasta el sector Villa Para\u00edso en la parroquia El Bajo y en la v\u00eda a la Ca\u00f1ada de Urdaneta.<\/p>\n\n\n\n<figure class=\"wp-block-image size-large\"><img fetchpriority=\"high\" decoding=\"async\" width=\"1024\" height=\"768\" src=\"https:\/\/entretormentas.com\/wp-content\/uploads\/2024\/12\/image-556-1024x768.png\" alt=\"\" class=\"wp-image-11856\" srcset=\"https:\/\/entretormentas.com\/wp-content\/uploads\/2024\/12\/image-556-1024x768.png 1024w, https:\/\/entretormentas.com\/wp-content\/uploads\/2024\/12\/image-556-300x225.png 300w, https:\/\/entretormentas.com\/wp-content\/uploads\/2024\/12\/image-556-768x576.png 768w, https:\/\/entretormentas.com\/wp-content\/uploads\/2024\/12\/image-556.png 1080w\" sizes=\"(max-width: 1024px) 100vw, 1024px\" \/><\/figure>\n\n\n\n<p>Javier Solano, director de aseo urbano y domiciliario indic\u00f3 que los trabajos continuar\u00e1n realiz\u00e1ndose de manera permanente hasta finalizar el a\u00f1o 2024, disponiendo de todos los recursos necesarios para cumplir con la meta de mantener un San Francisco limpio para todos.<\/p>\n\n\n\n<p>Residentes de las zonas saneadas expresaron su complacencia por la puesta en funcionamiento de estos dispositivos especiales por parte de la administraci\u00f3n del alcalde Gustavo Fern\u00e1ndez y de todo su equipo de trabajo, responsable de la limpieza y saneamiento de las calles y avenidas, en la entidad sure\u00f1a.<\/p>\n\n\n\n<p>Carlos M\u00e1rquez, un ciclista que utiliza como medio para trasladarse a su sitio de trabajo y transita por la avenida 5 de San Francisco coment\u00f3 \u00aba diario c\u00edrculo por esta v\u00eda y noto con satisfacci\u00f3n como la alcald\u00eda se aboca a realizar estas labores de limpieza desde cualquier punto donde se encuentre basura. Un municipio limpio y ordenado representa el reflejo del compromiso del alcalde como m\u00e1xima autoridad civil y de nosotros como ciudadanos de bien para cuidar y mantener estos espacios limpios\u00bb.<\/p>\n\n\n\n<p>Estas jornadas de higienizaci\u00f3n forman parte de las acciones emprendidas por el mandatario municipal para mantener un San Francisco limpio. Es tarea de todos contribuir con esta consigna, teniendo como premisa la conciencia y la responsabilidad, en procura de una mejor sociedad.<br><strong><em>ET \/ Alcald\u00eda de San Francisco<\/em><\/strong><\/p>\n","protected":false},"excerpt":{"rendered":"<p>ENTRE TORMENTAS. En lo que va del mes de diciembre, la alcald\u00eda del municipio San&#8230;<\/p>\n","protected":false},"author":2,"featured_media":11855,"comment_status":"closed","ping_status":"open","sticky":false,"template":"","format":"standard","meta":{"footnotes":""},"categories":[57,1],"tags":[],"class_list":["post-11854","post","type-post","status-publish","format-standard","has-post-thumbnail","hentry","category-actualidad","category-regionales"],"_links":{"self":[{"href":"https:\/\/entretormentas.com\/index.php?rest_route=\/wp\/v2\/posts\/11854","targetHints":{"allow":["GET"]}}],"collection":[{"href":"https:\/\/entretormentas.com\/index.php?rest_route=\/wp\/v2\/posts"}],"about":[{"href":"https:\/\/entretormentas.com\/index.php?rest_route=\/wp\/v2\/types\/post"}],"author":[{"embeddable":true,"href":"https:\/\/entretormentas.com\/index.php?rest_route=\/wp\/v2\/users\/2"}],"replies":[{"embeddable":true,"href":"https:\/\/entretormentas.com\/index.php?rest_route=%2Fwp%2Fv2%2Fcomments&post=11854"}],"version-history":[{"count":1,"href":"https:\/\/entretormentas.com\/index.php?rest_route=\/wp\/v2\/posts\/11854\/revisions"}],"predecessor-version":[{"id":11857,"href":"https:\/\/entretormentas.com\/index.php?rest_route=\/wp\/v2\/posts\/11854\/revisions\/11857"}],"wp:featuredmedia":[{"embeddable":true,"href":"https:\/\/entretormentas.com\/index.php?rest_route=\/wp\/v2\/media\/11855"}],"wp:attachment":[{"href":"https:\/\/entretormentas.com\/index.php?rest_route=%2Fwp%2Fv2%2Fmedia&parent=11854"}],"wp:term":[{"taxonomy":"category","embeddable":true,"href":"https:\/\/entretormentas.com\/index.php?rest_route=%2Fwp%2Fv2%2Fcategories&post=11854"},{"taxonomy":"post_tag","embeddable":true,"href":"https:\/\/entretormentas.com\/index.php?rest_route=%2Fwp%2Fv2%2Ftags&post=11854"}],"curies":[{"name":"wp","href":"https:\/\/api.w.org\/{rel}","templated":true}]}}