{"id":11865,"date":"2024-12-30T09:45:25","date_gmt":"2024-12-30T08:45:25","guid":{"rendered":"https:\/\/entretormentas.com\/?p=11865"},"modified":"2024-12-30T09:45:25","modified_gmt":"2024-12-30T08:45:25","slug":"comunicado-pud-reitera-que-el-28jul-la-gran-mayoria-de-los-venezolanos-eligio-a-edmundo-gonzalez","status":"publish","type":"post","link":"https:\/\/entretormentas.com\/comunicado-pud-reitera-que-el-28jul-la-gran-mayoria-de-los-venezolanos-eligio-a-edmundo-gonzalez\/","title":{"rendered":"\u00a1COMUNICADO! PUD reitera que el #28Jul \u00abla gran mayor\u00eda de los venezolanos eligi\u00f3 a Edmundo Gonz\u00e1lez\u00bb"},"content":{"rendered":"\n<p><strong>ENTRE TORMENTAS.<\/strong> El mayor bloque opositor de Venezuela -la Plataforma Unitaria Democr\u00e1tica (PUD)- reiter\u00f3 que la \u00abgran mayor\u00eda\u00bb de ciudadanos vot\u00f3 por Edmundo Gonz\u00e1lez Urrutia, aun cuando el mandatario Nicol\u00e1s Maduro fue proclamado ganador por el organismo comicial.<\/p>\n\n\n\n<p>\u00abEl 28 de julio, la gran mayor\u00eda de los venezolanos elegimos a Edmundo Gonz\u00e1lez Urrutia como presidente de Venezuela\u00bb, escribi\u00f3 la coalici\u00f3n antichavista en la red social X.<\/p>\n\n\n\n<p>Por tanto, expres\u00f3 que se trata de un derecho defender la \u00absoberan\u00eda expresada a trav\u00e9s del voto\u00bb, con el objetivo de \u00ablograr una transici\u00f3n pac\u00edfica\u00bb en Venezuela, gobernada por el chavismo desde 1999.<\/p>\n\n\n\n<p>La PUD reclama el triunfo de su candidato con base en el 83,5 % de las actas que asegura haber reunido mediante testigos y miembros de mesa durante la jornada electoral, documentos que el Gobierno considera falsos.<\/p>\n\n\n\n<p>Gonz\u00e1lez Urrutia, asilado en Espa\u00f1a -donde se encuentra desde septiembre-, ha insistido en que regresar\u00e1 a Caracas para tomar posesi\u00f3n como jefe de Estado.<\/p>\n\n\n\n<p>El chavismo sostiene que su l\u00edder acudir\u00e1 el pr\u00f3ximo 10 de enero a la sede de la Asamblea Nacional (AN, Parlamento), de contundente mayor\u00eda oficialista, a jurar como mandatario reelecto para un tercer sexenio consecutivo.<\/p>\n\n\n\n<p>Para ese d\u00eda, el gobernante Partido Socialista Unido (PSUV) convoc\u00f3 a sus militantes a \u00abllenar\u00bb una decena de avenidas en Caracas y a marchar, principalmente, en las cuatro regiones fronterizas con Colombia.<\/p>\n\n\n\n<p>Asimismo, varias instituciones del Estado, como la Fuerza Armada Nacional Bolivariana (FANB), respaldan la controvertida reelecci\u00f3n de Maduro, a quien acompa\u00f1ar\u00e1n el 10 de enero, seg\u00fan anunciaron.<br><strong><em>ET \/ Contrapunto<\/em><\/strong><\/p>\n\n\n\n<p><\/p>\n","protected":false},"excerpt":{"rendered":"<p>ENTRE TORMENTAS. El mayor bloque opositor de Venezuela -la Plataforma Unitaria Democr\u00e1tica (PUD)- reiter\u00f3 que&#8230;<\/p>\n","protected":false},"author":2,"featured_media":11866,"comment_status":"closed","ping_status":"open","sticky":false,"template":"","format":"standard","meta":{"footnotes":""},"categories":[56,49],"tags":[],"class_list":["post-11865","post","type-post","status-publish","format-standard","has-post-thumbnail","hentry","category-destacadas","category-nacionales"],"_links":{"self":[{"href":"https:\/\/entretormentas.com\/index.php?rest_route=\/wp\/v2\/posts\/11865","targetHints":{"allow":["GET"]}}],"collection":[{"href":"https:\/\/entretormentas.com\/index.php?rest_route=\/wp\/v2\/posts"}],"about":[{"href":"https:\/\/entretormentas.com\/index.php?rest_route=\/wp\/v2\/types\/post"}],"author":[{"embeddable":true,"href":"https:\/\/entretormentas.com\/index.php?rest_route=\/wp\/v2\/users\/2"}],"replies":[{"embeddable":true,"href":"https:\/\/entretormentas.com\/index.php?rest_route=%2Fwp%2Fv2%2Fcomments&post=11865"}],"version-history":[{"count":1,"href":"https:\/\/entretormentas.com\/index.php?rest_route=\/wp\/v2\/posts\/11865\/revisions"}],"predecessor-version":[{"id":11867,"href":"https:\/\/entretormentas.com\/index.php?rest_route=\/wp\/v2\/posts\/11865\/revisions\/11867"}],"wp:featuredmedia":[{"embeddable":true,"href":"https:\/\/entretormentas.com\/index.php?rest_route=\/wp\/v2\/media\/11866"}],"wp:attachment":[{"href":"https:\/\/entretormentas.com\/index.php?rest_route=%2Fwp%2Fv2%2Fmedia&parent=11865"}],"wp:term":[{"taxonomy":"category","embeddable":true,"href":"https:\/\/entretormentas.com\/index.php?rest_route=%2Fwp%2Fv2%2Fcategories&post=11865"},{"taxonomy":"post_tag","embeddable":true,"href":"https:\/\/entretormentas.com\/index.php?rest_route=%2Fwp%2Fv2%2Ftags&post=11865"}],"curies":[{"name":"wp","href":"https:\/\/api.w.org\/{rel}","templated":true}]}}