{"id":11868,"date":"2024-12-30T09:48:04","date_gmt":"2024-12-30T08:48:04","guid":{"rendered":"https:\/\/entretormentas.com\/?p=11868"},"modified":"2024-12-30T09:48:05","modified_gmt":"2024-12-30T08:48:05","slug":"por-el-caso-del-gendarme-fiscal-saab-anuncia-que-canciller-y-ministra-de-interior-de-argentina-seran-investigados","status":"publish","type":"post","link":"https:\/\/entretormentas.com\/por-el-caso-del-gendarme-fiscal-saab-anuncia-que-canciller-y-ministra-de-interior-de-argentina-seran-investigados\/","title":{"rendered":"\u00a1POR EL CASO DEL GENDARME! Fiscal Saab anuncia que canciller y ministra de Interior de Argentina ser\u00e1n investigados"},"content":{"rendered":"\n<p><strong>ENTRE TORMENTAS. <\/strong>El fiscal Tarek William Saab inform\u00f3 este viernes que el canciller y la ministra de Interior de Argentina ser\u00e1n investigados por el caso del polic\u00eda argentino Nahuel Gallo.<\/p>\n\n\n\n<p>\u201cEn vista de las declaraciones inculpadoras emitidas por la ministra Burlich y el canciller Gerardo Werthein, estos funcionarios han quedado se\u00f1alados como personas de inter\u00e9s en la investigaci\u00f3n, por lo tanto ser\u00e1n incorporados a la causa\u00bb.<\/p>\n\n\n\n<p>Mediante un comunicado se precisa que Gallo est\u00e1 sometido a un proceso penal debido a que existen evidencias que lo comprometen en graves hechos que atentan contra la seguridad del pa\u00eds.<\/p>\n\n\n\n<p>\u00abSer\u00e1 a trav\u00e9s del proceso judicial correspondiente donde se contrastar\u00e1n las evidencias recabadas con los alegatos que pueda hacer \u00e9l y su defensa. La notoriedad dada por las altas autoridades argentinas a la detenci\u00f3n de Gallo tiene directa relaci\u00f3n con el hecho que las investigaciones realizadas por los cuerpos auxiliares de justicia venezolanos revelan que en la cadena de mando del grupo de terroristas enviados desde Argentina aparece la propia ministra Burlich y as\u00ed consta en el expediente\u00bb, cita el comunicado.<br><strong><em>ET \/ Agencias<\/em><\/strong><\/p>\n","protected":false},"excerpt":{"rendered":"<p>ENTRE TORMENTAS. El fiscal Tarek William Saab inform\u00f3 este viernes que el canciller y la&#8230;<\/p>\n","protected":false},"author":2,"featured_media":11869,"comment_status":"closed","ping_status":"open","sticky":false,"template":"","format":"standard","meta":{"footnotes":""},"categories":[56,49],"tags":[],"class_list":["post-11868","post","type-post","status-publish","format-standard","has-post-thumbnail","hentry","category-destacadas","category-nacionales"],"_links":{"self":[{"href":"https:\/\/entretormentas.com\/index.php?rest_route=\/wp\/v2\/posts\/11868","targetHints":{"allow":["GET"]}}],"collection":[{"href":"https:\/\/entretormentas.com\/index.php?rest_route=\/wp\/v2\/posts"}],"about":[{"href":"https:\/\/entretormentas.com\/index.php?rest_route=\/wp\/v2\/types\/post"}],"author":[{"embeddable":true,"href":"https:\/\/entretormentas.com\/index.php?rest_route=\/wp\/v2\/users\/2"}],"replies":[{"embeddable":true,"href":"https:\/\/entretormentas.com\/index.php?rest_route=%2Fwp%2Fv2%2Fcomments&post=11868"}],"version-history":[{"count":1,"href":"https:\/\/entretormentas.com\/index.php?rest_route=\/wp\/v2\/posts\/11868\/revisions"}],"predecessor-version":[{"id":11870,"href":"https:\/\/entretormentas.com\/index.php?rest_route=\/wp\/v2\/posts\/11868\/revisions\/11870"}],"wp:featuredmedia":[{"embeddable":true,"href":"https:\/\/entretormentas.com\/index.php?rest_route=\/wp\/v2\/media\/11869"}],"wp:attachment":[{"href":"https:\/\/entretormentas.com\/index.php?rest_route=%2Fwp%2Fv2%2Fmedia&parent=11868"}],"wp:term":[{"taxonomy":"category","embeddable":true,"href":"https:\/\/entretormentas.com\/index.php?rest_route=%2Fwp%2Fv2%2Fcategories&post=11868"},{"taxonomy":"post_tag","embeddable":true,"href":"https:\/\/entretormentas.com\/index.php?rest_route=%2Fwp%2Fv2%2Ftags&post=11868"}],"curies":[{"name":"wp","href":"https:\/\/api.w.org\/{rel}","templated":true}]}}