{"id":11871,"date":"2024-12-30T09:50:09","date_gmt":"2024-12-30T08:50:09","guid":{"rendered":"https:\/\/entretormentas.com\/?p=11871"},"modified":"2024-12-30T09:50:10","modified_gmt":"2024-12-30T08:50:10","slug":"toma-y-dame-gobierno-de-milei-tilda-de-gran-mentira-acusaciones-del-gobierno-venezolano-contra-gendarme-argentino","status":"publish","type":"post","link":"https:\/\/entretormentas.com\/toma-y-dame-gobierno-de-milei-tilda-de-gran-mentira-acusaciones-del-gobierno-venezolano-contra-gendarme-argentino\/","title":{"rendered":"\u00a1TOMA Y DAME! Gobierno de Milei tilda de \u00abgran mentira\u00bb acusaciones del Gobierno venezolano contra gendarme argentino"},"content":{"rendered":"\n<p><strong>ENTRE TORMENTAS. <\/strong>El Gobierno de Argentina se mostr\u00f3 este viernes aliviado por el \u00abreconocimiento\u00bb de Venezuela de la detenci\u00f3n del gendarme argentino, Nahuel Gallo, pero tach\u00f3 de \u00abgran mentira\u00bb la notificaci\u00f3n de las acusaciones del Ministerio P\u00fablico venezolano que recibi\u00f3 a trav\u00e9s de Brasil.<\/p>\n\n\n\n<p>\u00abArgentina est\u00e1 haciendo todos los esfuerzos para poder terminar con esto, que es una gran mentira, una gran falacia, de una persona de familia, joven, que trabaja en la Gendarmer\u00eda, y todo lo dem\u00e1s es un invento horrible\u00bb, dijo el canciller argentino, Gerardo Werthein, en una rueda de prensa con su par de Seguridad, Patricia Bullrich.<\/p>\n\n\n\n<p>Seg\u00fan las autoridades argentinas, el gendarme fue detenido arbitrariamente el 8 de diciembre pasado, tras cruzar un paso fronterizo terrestre desde Colombia a Venezuela para visitar a su novia y a su hijo.<\/p>\n\n\n\n<p>El canciller acus\u00f3 al Gobierno de Venezuela de tener \u00abuna pr\u00e1ctica habitual\u00bb, que es \u00abacusar ileg\u00edtimamente a personas (de distintos pa\u00edses) para tenerlos en su poder como rehenes\u00bb.<\/p>\n\n\n\n<p>Bullrich tild\u00f3 de \u00abmentiras\u00bb cada una de las acusaciones hechas contra Gallo, que defini\u00f3 como \u00abun prejuzgamiento de parte de Venezuela\u00bb: \u00abNo podemos ni vamos a aceptar que Nahuel Gallo es un terrorista\u00bb.<\/p>\n\n\n\n<p>Bullrich neg\u00f3 que Gallo tuviera v\u00ednculos con grupos de ultraderecha, porque \u00ablos gendarmes tienen total y absolutamente prohibida la actividad pol\u00edtica\u00bb.<\/p>\n\n\n\n<p>La ministra argentina rechaz\u00f3 la acusaci\u00f3n de que Gallo iba a hacer acciones desestabilizadoras y terroristas, y se pregunt\u00f3 \u00abqu\u00e9 acci\u00f3n terrorista puede ir y hacer una persona que entra por una frontera legal con todos los papeles, diciendo d\u00f3nde va a estar y su hijo\u00bb.<\/p>\n\n\n\n<p>Bullrich neg\u00f3 que las declaraciones y acciones del Gobierno argentino, as\u00ed como la resoluci\u00f3n judicial de la C\u00e1mara Federal de la provincia argentina de Mendoza solicitando su paradero, supon\u00edan \u00abcomplicidad de las autoridades\u00bb con los presuntos \u00abplanes subversivos\u00bb de Gallo.<\/p>\n\n\n\n<p>\u00abQueremos que Nahuel Gallo sea devuelto a la Argentina de manera inmediata\u00bb, pidi\u00f3 Bullrich.<br><strong><em>ET \/ Agencias<\/em><\/strong><\/p>\n\n\n\n<p><\/p>\n","protected":false},"excerpt":{"rendered":"<p>ENTRE TORMENTAS. El Gobierno de Argentina se mostr\u00f3 este viernes aliviado por el \u00abreconocimiento\u00bb de&#8230;<\/p>\n","protected":false},"author":2,"featured_media":11872,"comment_status":"closed","ping_status":"open","sticky":false,"template":"","format":"standard","meta":{"footnotes":""},"categories":[56,48],"tags":[],"class_list":["post-11871","post","type-post","status-publish","format-standard","has-post-thumbnail","hentry","category-destacadas","category-internacionales"],"_links":{"self":[{"href":"https:\/\/entretormentas.com\/index.php?rest_route=\/wp\/v2\/posts\/11871","targetHints":{"allow":["GET"]}}],"collection":[{"href":"https:\/\/entretormentas.com\/index.php?rest_route=\/wp\/v2\/posts"}],"about":[{"href":"https:\/\/entretormentas.com\/index.php?rest_route=\/wp\/v2\/types\/post"}],"author":[{"embeddable":true,"href":"https:\/\/entretormentas.com\/index.php?rest_route=\/wp\/v2\/users\/2"}],"replies":[{"embeddable":true,"href":"https:\/\/entretormentas.com\/index.php?rest_route=%2Fwp%2Fv2%2Fcomments&post=11871"}],"version-history":[{"count":1,"href":"https:\/\/entretormentas.com\/index.php?rest_route=\/wp\/v2\/posts\/11871\/revisions"}],"predecessor-version":[{"id":11873,"href":"https:\/\/entretormentas.com\/index.php?rest_route=\/wp\/v2\/posts\/11871\/revisions\/11873"}],"wp:featuredmedia":[{"embeddable":true,"href":"https:\/\/entretormentas.com\/index.php?rest_route=\/wp\/v2\/media\/11872"}],"wp:attachment":[{"href":"https:\/\/entretormentas.com\/index.php?rest_route=%2Fwp%2Fv2%2Fmedia&parent=11871"}],"wp:term":[{"taxonomy":"category","embeddable":true,"href":"https:\/\/entretormentas.com\/index.php?rest_route=%2Fwp%2Fv2%2Fcategories&post=11871"},{"taxonomy":"post_tag","embeddable":true,"href":"https:\/\/entretormentas.com\/index.php?rest_route=%2Fwp%2Fv2%2Ftags&post=11871"}],"curies":[{"name":"wp","href":"https:\/\/api.w.org\/{rel}","templated":true}]}}