{"id":11883,"date":"2025-01-04T10:52:43","date_gmt":"2025-01-04T09:52:43","guid":{"rendered":"https:\/\/entretormentas.com\/?p=11883"},"modified":"2025-01-04T10:52:43","modified_gmt":"2025-01-04T09:52:43","slug":"entre-alcaldia-e-instituciones-educativas-maracaibo-ofrece-mas-oportunidades-tras-siete-convenios-marco-firmados-en-2024","status":"publish","type":"post","link":"https:\/\/entretormentas.com\/entre-alcaldia-e-instituciones-educativas-maracaibo-ofrece-mas-oportunidades-tras-siete-convenios-marco-firmados-en-2024\/","title":{"rendered":"\u00a1ENTRE ALCALD\u00cdA E INSTITUCIONES EDUCATIVAS! Maracaibo ofrece m\u00e1s oportunidades tras siete convenios marco firmados en 2024"},"content":{"rendered":"\n<p><strong>ENTRE TORMENTAS.<\/strong> \u00a1Educaci\u00f3n de calidad para los marabinos! En aras de seguir promoviendo la gran palanca del desarrollo, la Alcald\u00eda de Maracaibo a trav\u00e9s de las Direcciones de Educaci\u00f3n y Asuntos Universitarios y Desarrollo Social, firm\u00f3 siete convenios marco ofrecer oportunidades a servidores p\u00fablicos, j\u00f3venes y profesionales marabinos.<\/p>\n\n\n\n<p>Adri\u00e1n Romero Mart\u00ednez, alcalde encargado de Maracaibo, explic\u00f3 que durante el 2024 fueron siete los convenios firmados con entidades educativas para promover educaci\u00f3n, pero tambi\u00e9n salud y desarrollo social como una inversi\u00f3n hacia el futuro. \u201cCon estos acuerdos, reafirmamos nuestro compromiso con la educaci\u00f3n, el bienestar social y el desarrollo integral de nuestra ciudad\u201d.<\/p>\n\n\n\n<p>Asimismo detall\u00f3 que, estos convenios marcan un antes y un despu\u00e9s para Maracaibo. \u201cA trav\u00e9s de ellos, ampliaremos el acceso a una educaci\u00f3n de calidad, fortaleceremos los programas sociales y mejoraremos la calidad de vida de todos los marabinos. Estamos construyendo una ciudad m\u00e1s justa y equitativa\u201d.<\/p>\n\n\n\n<p>El primer convenio firmado fue en el mes de mayo con la Universidad del Zulia (LUZ), siendo los servidores p\u00fablicos los beneficiarios en primera instancia. Seguidamente se firm\u00f3 con la Universidad Jos\u00e9 Gregorio Hern\u00e1ndez (UJGH), en el mes de junio y el pasado 11 de abril del 2024, la Alcald\u00eda de Maracaibo firm\u00f3 con la Universidad Cat\u00f3lica Cecilio Acosta (UNICA) un convenio macro para instructores de gaita zuliana del Instituto Municipal de la Gaita Ricardo Aguirre (IMGRA), en un esfuerzo por fortalecer la ense\u00f1anza en las escuelas de gaita desplegadas en las 18 parroquias de la ciudad.<\/p>\n\n\n\n<figure class=\"wp-block-image size-large\"><img fetchpriority=\"high\" decoding=\"async\" width=\"1024\" height=\"576\" src=\"https:\/\/entretormentas.com\/wp-content\/uploads\/2025\/01\/image-2-1024x576.png\" alt=\"\" class=\"wp-image-11886\" srcset=\"https:\/\/entretormentas.com\/wp-content\/uploads\/2025\/01\/image-2-1024x576.png 1024w, https:\/\/entretormentas.com\/wp-content\/uploads\/2025\/01\/image-2-300x169.png 300w, https:\/\/entretormentas.com\/wp-content\/uploads\/2025\/01\/image-2-768x432.png 768w, https:\/\/entretormentas.com\/wp-content\/uploads\/2025\/01\/image-2.png 1280w\" sizes=\"(max-width: 1024px) 100vw, 1024px\" \/><\/figure>\n\n\n\n<p>Asimismo, fue firmado con duraci\u00f3n de dos a\u00f1os, un convenio con las escuelas arquidiocesanas. \u00c9ste fue firmado por el Vicario Episcopal para la Educaci\u00f3n y la Cultura de la Arquidi\u00f3cesis de Maracaibo, Eduardo Ortigoza, y el alcalde Rafael Ram\u00edrez Colina y siendo la tercera alianza entre las instituciones.<\/p>\n\n\n\n<p>Por otro lado, se firm\u00f3 en el mes de noviembre un nuevo convenio con el Instituto Universitario Polit\u00e9cnico Santiago Mari\u00f1o extensi\u00f3n Maracaibo y el Tecnol\u00f3gico Antonio Jos\u00e9 de Sucre para estrechar lazos de cooperaci\u00f3n en beneficio de la formaci\u00f3n integral de los marabinos. Para fortalecer los esfuerzos que permitan la elaboraci\u00f3n y ejecuci\u00f3n de proyectos y programas en \u00e1reas de inter\u00e9s com\u00fan. De la misma forma, van a afianzar las relaciones de \u00edndole educacional, cultural, de extensi\u00f3n y de servicios, para alcanzar beneficios mutuos.<\/p>\n\n\n\n<p>Rafael Rinc\u00f3n, director de Educaci\u00f3n y Asuntos Universitarios, enfatiz\u00f3 que con la firma de estos convenios se invierte en el futuro de Maracaibo y record\u00f3 la importancia de la educaci\u00f3n en el individuo. \u201cEstamos seguros de que estas acciones tendr\u00e1n un impacto positivo en la vida de m\u00e1s marabinos\u201d.<\/p>\n\n\n\n<p>Detall\u00f3 que para el 2025 hay varios acuerdos pendientes por concretar con otras universidades e instituciones de la ciudad en materia de educaci\u00f3n, \u201cpara que tambi\u00e9n asistan los educadores que forma parte de las escuelitas del sol y puedan capacitarse quienes no son profesionales pero tienen el don de educar a los ni\u00f1os de las comunidades m\u00e1s vulnerables de la ciudad\u201d.<\/p>\n\n\n\n<p>OTROS ACUERDOS EN SALUD<br>El alcalde encargado, Adri\u00e1n Romero Mart\u00ednez, expres\u00f3 que gracias a la colaboraci\u00f3n de todos los actores involucrados, Maracaibo cuenta, adem\u00e1s de siete convenios con instituciones educativas, m\u00e1s convenios con otras entidades sociales. \u201cLos convenios son el resultado de un trabajo conjunto entre el sector p\u00fablico y privado, la academia y la sociedad civil. Unidos podemos construir una ciudad mejor\u201d.<\/p>\n\n\n\n<p>Por primera vez, en m\u00e1s de 88 a\u00f1os y luego de cooperaci\u00f3n en jornadas de salud durante dos a\u00f1os en conjunto, la Alcald\u00eda y la Cruz Roja firmaron un convenio para profundizar en los beneficios otorgados a las comunidades locales m\u00e1s vulnerables. La organizaci\u00f3n internacional puso a disposici\u00f3n de Maracaibo equipos ejecutivos, profesionales y t\u00e9cnicos, para atender a los marabinos en las 18 parroquias de la ciudad.<\/p>\n\n\n\n<figure class=\"wp-block-image size-large\"><img decoding=\"async\" width=\"1024\" height=\"576\" src=\"https:\/\/entretormentas.com\/wp-content\/uploads\/2025\/01\/image-1-1024x576.png\" alt=\"\" class=\"wp-image-11885\" srcset=\"https:\/\/entretormentas.com\/wp-content\/uploads\/2025\/01\/image-1-1024x576.png 1024w, https:\/\/entretormentas.com\/wp-content\/uploads\/2025\/01\/image-1-300x169.png 300w, https:\/\/entretormentas.com\/wp-content\/uploads\/2025\/01\/image-1-768x432.png 768w, https:\/\/entretormentas.com\/wp-content\/uploads\/2025\/01\/image-1.png 1280w\" sizes=\"(max-width: 1024px) 100vw, 1024px\" \/><\/figure>\n\n\n\n<p>Este convenio busc\u00f3 profundizar el fortalecimiento de la atenci\u00f3n humanitaria en la ciudad de Maracaibo con acciones concretas en materia de salud, movilidad, acompa\u00f1amiento en cuanto a violencia de g\u00e9nero, educaci\u00f3n sexual y otros.<\/p>\n\n\n\n<p>Asimismo, en el mes de julio se firm\u00f3 un acuerdo con la Organizaci\u00f3n Internacional para las Migraciones (OIM), para fortalecer la capacidad de la movilidad de las personas que entran y salen de Maracaibo por el Terminal Terrestre de pasajeros, adem\u00e1s le permitir\u00e1 habilitar el Primer Centro de Atenci\u00f3n para Persona con Movilidad y la recuperaci\u00f3n del ambulatorio de Plaza para Todos.<br><strong><em>ET \/ DCI Alcald\u00eda de Maracaibo<\/em><\/strong><\/p>\n\n\n\n<p><\/p>\n","protected":false},"excerpt":{"rendered":"<p>ENTRE TORMENTAS. \u00a1Educaci\u00f3n de calidad para los marabinos! En aras de seguir promoviendo la gran&#8230;<\/p>\n","protected":false},"author":2,"featured_media":11884,"comment_status":"closed","ping_status":"open","sticky":false,"template":"","format":"standard","meta":{"footnotes":""},"categories":[57,1],"tags":[],"class_list":["post-11883","post","type-post","status-publish","format-standard","has-post-thumbnail","hentry","category-actualidad","category-regionales"],"_links":{"self":[{"href":"https:\/\/entretormentas.com\/index.php?rest_route=\/wp\/v2\/posts\/11883","targetHints":{"allow":["GET"]}}],"collection":[{"href":"https:\/\/entretormentas.com\/index.php?rest_route=\/wp\/v2\/posts"}],"about":[{"href":"https:\/\/entretormentas.com\/index.php?rest_route=\/wp\/v2\/types\/post"}],"author":[{"embeddable":true,"href":"https:\/\/entretormentas.com\/index.php?rest_route=\/wp\/v2\/users\/2"}],"replies":[{"embeddable":true,"href":"https:\/\/entretormentas.com\/index.php?rest_route=%2Fwp%2Fv2%2Fcomments&post=11883"}],"version-history":[{"count":1,"href":"https:\/\/entretormentas.com\/index.php?rest_route=\/wp\/v2\/posts\/11883\/revisions"}],"predecessor-version":[{"id":11887,"href":"https:\/\/entretormentas.com\/index.php?rest_route=\/wp\/v2\/posts\/11883\/revisions\/11887"}],"wp:featuredmedia":[{"embeddable":true,"href":"https:\/\/entretormentas.com\/index.php?rest_route=\/wp\/v2\/media\/11884"}],"wp:attachment":[{"href":"https:\/\/entretormentas.com\/index.php?rest_route=%2Fwp%2Fv2%2Fmedia&parent=11883"}],"wp:term":[{"taxonomy":"category","embeddable":true,"href":"https:\/\/entretormentas.com\/index.php?rest_route=%2Fwp%2Fv2%2Fcategories&post=11883"},{"taxonomy":"post_tag","embeddable":true,"href":"https:\/\/entretormentas.com\/index.php?rest_route=%2Fwp%2Fv2%2Ftags&post=11883"}],"curies":[{"name":"wp","href":"https:\/\/api.w.org\/{rel}","templated":true}]}}