{"id":11893,"date":"2025-01-04T10:59:48","date_gmt":"2025-01-04T09:59:48","guid":{"rendered":"https:\/\/entretormentas.com\/?p=11893"},"modified":"2025-01-04T10:59:48","modified_gmt":"2025-01-04T09:59:48","slug":"cuatro-de-ellos-arrestados-antes-del-28-jul-el-cnp-exige-la-liberacion-de-ocho-periodistas","status":"publish","type":"post","link":"https:\/\/entretormentas.com\/cuatro-de-ellos-arrestados-antes-del-28-jul-el-cnp-exige-la-liberacion-de-ocho-periodistas\/","title":{"rendered":"\u00a1CUATRO DE ELLOS ARRESTADOS ANTES DEL 28-JUL! El CNP exige la liberaci\u00f3n de ocho periodistas"},"content":{"rendered":"\n<p><strong>ENTRE TORMENTAS. <\/strong>El Colegio Nacional de Periodistas de Venezuela (CNP) pidi\u00f3 la liberaci\u00f3n de ocho periodistas encarcelados. La solicitud la hizo el ente por medio de sus redes sociales.<\/p>\n\n\n\n<p>En una publicaci\u00f3n en X, el CNP detall\u00f3 que cuatro de los ocho periodistas encarcelados fueron detenidos antes de las elecciones presidenciales. Entre ellos se encuentran Gabriel Gonz\u00e1lez detenido el 17 de junio, Carlos Julio Rojas detenido el 15 de abril, Luis L\u00f3pez detenido el 14 de junio y Ram\u00f3n Centeno detenido el 12 de febrero. Todav\u00eda siguen privados de libertad.<\/p>\n\n\n\n<p>Los otros cuatro periodistas, detall\u00f3 el CNP, los detuvieron en el marco de las protestas poselectorales. Entre ellos est\u00e1n V\u00edctor Ugas detenido el 19 de agosto, Jos\u00e9 Camero detenido el 3 de agosto, Biagio Pilieri detenido el 28 de agosto y Ronald Carre\u00f1o detenido el 2 de agosto.<\/p>\n\n\n\n<p>Seg\u00fan el CNP los periodistas fueron sometidos a juicios sin fundamentos y violatorios de los derechos humanos, al tiempo que reiter\u00f3 que informar no es un delito. Tambi\u00e9n reiter\u00f3 su petici\u00f3n para que los periodistas asilados desde el pasado marzo en la residencia de la Embajada de Argentina en Caracas, Claudia Macero y Omar Gonz\u00e1lez reciban salvoconductos que les permitan una salida segura de Venezuela.<br><strong><em>ET \/ EFE<\/em><\/strong><\/p>\n\n\n\n<p><\/p>\n","protected":false},"excerpt":{"rendered":"<p>ENTRE TORMENTAS. El Colegio Nacional de Periodistas de Venezuela (CNP) pidi\u00f3 la liberaci\u00f3n de ocho&#8230;<\/p>\n","protected":false},"author":2,"featured_media":11894,"comment_status":"closed","ping_status":"open","sticky":false,"template":"","format":"standard","meta":{"footnotes":""},"categories":[57,49],"tags":[],"class_list":["post-11893","post","type-post","status-publish","format-standard","has-post-thumbnail","hentry","category-actualidad","category-nacionales"],"_links":{"self":[{"href":"https:\/\/entretormentas.com\/index.php?rest_route=\/wp\/v2\/posts\/11893","targetHints":{"allow":["GET"]}}],"collection":[{"href":"https:\/\/entretormentas.com\/index.php?rest_route=\/wp\/v2\/posts"}],"about":[{"href":"https:\/\/entretormentas.com\/index.php?rest_route=\/wp\/v2\/types\/post"}],"author":[{"embeddable":true,"href":"https:\/\/entretormentas.com\/index.php?rest_route=\/wp\/v2\/users\/2"}],"replies":[{"embeddable":true,"href":"https:\/\/entretormentas.com\/index.php?rest_route=%2Fwp%2Fv2%2Fcomments&post=11893"}],"version-history":[{"count":1,"href":"https:\/\/entretormentas.com\/index.php?rest_route=\/wp\/v2\/posts\/11893\/revisions"}],"predecessor-version":[{"id":11895,"href":"https:\/\/entretormentas.com\/index.php?rest_route=\/wp\/v2\/posts\/11893\/revisions\/11895"}],"wp:featuredmedia":[{"embeddable":true,"href":"https:\/\/entretormentas.com\/index.php?rest_route=\/wp\/v2\/media\/11894"}],"wp:attachment":[{"href":"https:\/\/entretormentas.com\/index.php?rest_route=%2Fwp%2Fv2%2Fmedia&parent=11893"}],"wp:term":[{"taxonomy":"category","embeddable":true,"href":"https:\/\/entretormentas.com\/index.php?rest_route=%2Fwp%2Fv2%2Fcategories&post=11893"},{"taxonomy":"post_tag","embeddable":true,"href":"https:\/\/entretormentas.com\/index.php?rest_route=%2Fwp%2Fv2%2Ftags&post=11893"}],"curies":[{"name":"wp","href":"https:\/\/api.w.org\/{rel}","templated":true}]}}