{"id":11902,"date":"2025-01-04T11:09:53","date_gmt":"2025-01-04T10:09:53","guid":{"rendered":"https:\/\/entretormentas.com\/?p=11902"},"modified":"2025-01-04T11:09:53","modified_gmt":"2025-01-04T10:09:53","slug":"para-pedir-libertad-tres-detenidos-postelectoral-inician-huelga-de-hambre-en-tocuyito","status":"publish","type":"post","link":"https:\/\/entretormentas.com\/para-pedir-libertad-tres-detenidos-postelectoral-inician-huelga-de-hambre-en-tocuyito\/","title":{"rendered":"\u00a1PARA PEDIR LIBERTAD! Tres detenidos postelectoral inician huelga de hambre en Tocuyito"},"content":{"rendered":"\n<p><strong>ENTRE TORMENTAS.<\/strong> La ONG Comit\u00e9 por la Libertad de los Presos Pol\u00edticos inform\u00f3 este viernes que tres detenidos en el contexto de crisis postelectoral comenzaron una huelga de hambre, en una c\u00e1rcel del estado Carabobo (norte), para exigir su \u00abliberaci\u00f3n inmediata\u00bb, ya que dijo \u00abhace tres d\u00edas se les prometi\u00f3 la excarcelaci\u00f3n de unas 50 personas, pero estas no se han concretado\u00bb.<\/p>\n\n\n\n<p>\u00abEl preso pol\u00edtico H\u00e9ctor Alonso Esqueda Nieves llam\u00f3 a sus familiares para informar que ha iniciado una huelga de hambre como protesta para exigir su liberaci\u00f3n inmediata, ya que es inocente\u00bb, indic\u00f3 la organizaci\u00f3n en X.<\/p>\n\n\n\n<p>Asimismo, dijo que dos \u00abpresos pol\u00edticos\u00bb m\u00e1s se unieron a esta huelga, en \u00abun gesto de solidaridad y resistencia frente a la injusticia\u00bb.<\/p>\n\n\n\n<p>El Comit\u00e9 indic\u00f3 que Esqueda Nieves, acusado de terrorismo e incitaci\u00f3n al odio, result\u00f3 detenido por funcionarios de la Guardia Nacional Bolivariana (GNB, Polic\u00eda militarizada) el pasado 3 de agosto en una estaci\u00f3n de servicio en el estado Cojedes (centro), \u00abmientras realizaba diligencias\u00bb.<\/p>\n\n\n\n<p>\u00abHacemos un llamado a los organismos internacionales para que condenen estas graves violaciones a los derechos humanos y act\u00faen ante esta situaci\u00f3n alarmante que afecta a los presos pol\u00edticos y sus familias, quienes enfrentan una evidente violaci\u00f3n sistem\u00e1tica de derechos fundamentales en Venezuela\u00bb, apostill\u00f3.<\/p>\n\n\n\n<p>El lunes, el Ministerio P\u00fablico (MP, Fiscal\u00eda) inform\u00f3 de 413 excarcelaciones de personas detenidas en el contexto de crisis postelectoral, para un total de mil 369, como parte de un \u00abproceso permanente de verificaci\u00f3n de casos\u00bb junto con el Poder Judicial.<\/p>\n\n\n\n<p>En un comunicado, el MP se\u00f1al\u00f3 que, \u00abproducto de la m\u00e1s reciente jornada de verificaci\u00f3n de causas vinculadas\u00bb a \u00ablos hechos de violencia postelectoral\u00bb, fueron \u00absolicitadas y acordadas\u00bb, entre el 26 y el 30 de diciembre, \u00abun total de 413 revisiones de medidas\u00bb.<\/p>\n\n\n\n<p>Entretanto, la ONG Foro Penal inform\u00f3 el martes que tras las recientes liberaciones en las \u00faltimas semanas, quedan en el pa\u00eds mil 794 \u00abpresos pol\u00edticos\u00bb, la mayor\u00eda detenidos luego de las protestas contra el resultado oficial de las presidenciales que dio el triunfo al presidente Nicol\u00e1s Maduro.<\/p>\n\n\n\n<p>El abogado Gonzalo Himiob, vicepresidente de la ONG, dijo recientemente que la organizaci\u00f3n a\u00fan no tiene una cifra exacta de excarcelados, ya que explic\u00f3 la Fiscal\u00eda no public\u00f3 una lista con los nombres y apellidos de los recientemente liberados, por lo que el Foro Penal no pudo verificar el n\u00famero real.<br><strong><em>ET \/ Agencia<\/em><\/strong><\/p>\n\n\n\n<p><\/p>\n","protected":false},"excerpt":{"rendered":"<p>ENTRE TORMENTAS. La ONG Comit\u00e9 por la Libertad de los Presos Pol\u00edticos inform\u00f3 este viernes&#8230;<\/p>\n","protected":false},"author":2,"featured_media":11903,"comment_status":"closed","ping_status":"open","sticky":false,"template":"","format":"standard","meta":{"footnotes":""},"categories":[56,49],"tags":[],"class_list":["post-11902","post","type-post","status-publish","format-standard","has-post-thumbnail","hentry","category-destacadas","category-nacionales"],"_links":{"self":[{"href":"https:\/\/entretormentas.com\/index.php?rest_route=\/wp\/v2\/posts\/11902","targetHints":{"allow":["GET"]}}],"collection":[{"href":"https:\/\/entretormentas.com\/index.php?rest_route=\/wp\/v2\/posts"}],"about":[{"href":"https:\/\/entretormentas.com\/index.php?rest_route=\/wp\/v2\/types\/post"}],"author":[{"embeddable":true,"href":"https:\/\/entretormentas.com\/index.php?rest_route=\/wp\/v2\/users\/2"}],"replies":[{"embeddable":true,"href":"https:\/\/entretormentas.com\/index.php?rest_route=%2Fwp%2Fv2%2Fcomments&post=11902"}],"version-history":[{"count":1,"href":"https:\/\/entretormentas.com\/index.php?rest_route=\/wp\/v2\/posts\/11902\/revisions"}],"predecessor-version":[{"id":11904,"href":"https:\/\/entretormentas.com\/index.php?rest_route=\/wp\/v2\/posts\/11902\/revisions\/11904"}],"wp:featuredmedia":[{"embeddable":true,"href":"https:\/\/entretormentas.com\/index.php?rest_route=\/wp\/v2\/media\/11903"}],"wp:attachment":[{"href":"https:\/\/entretormentas.com\/index.php?rest_route=%2Fwp%2Fv2%2Fmedia&parent=11902"}],"wp:term":[{"taxonomy":"category","embeddable":true,"href":"https:\/\/entretormentas.com\/index.php?rest_route=%2Fwp%2Fv2%2Fcategories&post=11902"},{"taxonomy":"post_tag","embeddable":true,"href":"https:\/\/entretormentas.com\/index.php?rest_route=%2Fwp%2Fv2%2Ftags&post=11902"}],"curies":[{"name":"wp","href":"https:\/\/api.w.org\/{rel}","templated":true}]}}