{"id":11905,"date":"2025-01-04T11:11:48","date_gmt":"2025-01-04T10:11:48","guid":{"rendered":"https:\/\/entretormentas.com\/?p=11905"},"modified":"2025-01-04T11:11:48","modified_gmt":"2025-01-04T10:11:48","slug":"cuenta-regresiva-miles-de-migrantes-salen-de-mexico-a-eeuu-para-llegar-antes-de-la-toma-de-trump","status":"publish","type":"post","link":"https:\/\/entretormentas.com\/cuenta-regresiva-miles-de-migrantes-salen-de-mexico-a-eeuu-para-llegar-antes-de-la-toma-de-trump\/","title":{"rendered":"\u00a1CUENTA REGRESIVA! Miles de migrantes salen de M\u00e9xico a EEUU para llegar antes de la toma de Trump"},"content":{"rendered":"\n<p><strong>ENTRE TORMENTAS. <\/strong>La primera caravana de migrantes de 2025 arranc\u00f3 este jueves desde M\u00e9xico hacia EE.UU. con al menos mil 500 personas que comenzaron su peregrinar desde distintos pa\u00edses de Suram\u00e9rica, Centroam\u00e9rica y el Caribe.<\/p>\n\n\n\n<p>De acuerdo con reportes de la prensa mexicana, esta nueva ola migratoria se inici\u00f3 a primeras horas de la ma\u00f1ana de este jueves en la localidad de Tapachula, en el estado de Chiapas, al sureste de M\u00e9xico.<\/p>\n\n\n\n<p>El objetivo de los caminantes es ingresar a territorio estadounidense antes de la toma de posesi\u00f3n del presidente electo, Donald Trump, el pr\u00f3ximo 20 de enero.<\/p>\n\n\n\n<p>Trump en reiteradas oportunidades ha asegurado ejecutar el mayor programa de deportaci\u00f3n en la historia del pa\u00eds.<\/p>\n\n\n\n<p>Los migrantes iniciaron su andar a trav\u00e9s de la carretera costera y ya lograron arribar a su primer destino, el municipio de Huehuet\u00e1n, para luego continuar su procesi\u00f3n en la tarde hacia Huixtla, en el mismo estado de Chiapas.<\/p>\n\n\n\n<p>Seg\u00fan la prensa mexicana, esta \u00faltima caravana es la d\u00e9cima que se realiza durante la administraci\u00f3n de la mandataria Claudia Sheinbaum, quien asumi\u00f3 la presidencia de M\u00e9xico en octubre pasado.<br><strong><em>ET \/ Agencias<\/em><\/strong><\/p>\n\n\n\n<p><\/p>\n","protected":false},"excerpt":{"rendered":"<p>ENTRE TORMENTAS. La primera caravana de migrantes de 2025 arranc\u00f3 este jueves desde M\u00e9xico hacia&#8230;<\/p>\n","protected":false},"author":2,"featured_media":11906,"comment_status":"closed","ping_status":"open","sticky":false,"template":"","format":"standard","meta":{"footnotes":""},"categories":[56,48],"tags":[],"class_list":["post-11905","post","type-post","status-publish","format-standard","has-post-thumbnail","hentry","category-destacadas","category-internacionales"],"_links":{"self":[{"href":"https:\/\/entretormentas.com\/index.php?rest_route=\/wp\/v2\/posts\/11905","targetHints":{"allow":["GET"]}}],"collection":[{"href":"https:\/\/entretormentas.com\/index.php?rest_route=\/wp\/v2\/posts"}],"about":[{"href":"https:\/\/entretormentas.com\/index.php?rest_route=\/wp\/v2\/types\/post"}],"author":[{"embeddable":true,"href":"https:\/\/entretormentas.com\/index.php?rest_route=\/wp\/v2\/users\/2"}],"replies":[{"embeddable":true,"href":"https:\/\/entretormentas.com\/index.php?rest_route=%2Fwp%2Fv2%2Fcomments&post=11905"}],"version-history":[{"count":1,"href":"https:\/\/entretormentas.com\/index.php?rest_route=\/wp\/v2\/posts\/11905\/revisions"}],"predecessor-version":[{"id":11907,"href":"https:\/\/entretormentas.com\/index.php?rest_route=\/wp\/v2\/posts\/11905\/revisions\/11907"}],"wp:featuredmedia":[{"embeddable":true,"href":"https:\/\/entretormentas.com\/index.php?rest_route=\/wp\/v2\/media\/11906"}],"wp:attachment":[{"href":"https:\/\/entretormentas.com\/index.php?rest_route=%2Fwp%2Fv2%2Fmedia&parent=11905"}],"wp:term":[{"taxonomy":"category","embeddable":true,"href":"https:\/\/entretormentas.com\/index.php?rest_route=%2Fwp%2Fv2%2Fcategories&post=11905"},{"taxonomy":"post_tag","embeddable":true,"href":"https:\/\/entretormentas.com\/index.php?rest_route=%2Fwp%2Fv2%2Ftags&post=11905"}],"curies":[{"name":"wp","href":"https:\/\/api.w.org\/{rel}","templated":true}]}}