{"id":11908,"date":"2025-01-04T11:14:17","date_gmt":"2025-01-04T10:14:17","guid":{"rendered":"https:\/\/entretormentas.com\/?p=11908"},"modified":"2025-01-04T11:14:18","modified_gmt":"2025-01-04T10:14:18","slug":"oficial-ministro-de-educacion-anuncia-reinicio-de-clases-para-e-martes-7-en","status":"publish","type":"post","link":"https:\/\/entretormentas.com\/oficial-ministro-de-educacion-anuncia-reinicio-de-clases-para-e-martes-7-en\/","title":{"rendered":"\u00a1OFICIAL! Ministro de Educaci\u00f3n anuncia reinicio de clases para e martes 7-En"},"content":{"rendered":"\n<p><strong>ENTRE TORMENTAS. <\/strong>El ministro de Educaci\u00f3n, H\u00e9ctor Rodr\u00edguez, anunci\u00f3 en horas de la ma\u00f1ana de este viernes 3 enero, la fecha de reinicio de clases para este 2025.<\/p>\n\n\n\n<p>A trav\u00e9s de una publicaci\u00f3n en la cuenta en Instagram del Ministerio de Educaci\u00f3n se dio a conocer el calendario educativo.<\/p>\n\n\n\n<p>En este contexto, resalt\u00f3 que este martes 7 de enero se inicia el segundo momento educativo, tras las vacaciones de Navidad. La actividad educativa comenzar\u00e1 en todos los subsistemas.<\/p>\n\n\n\n<p>Igualmente, convoc\u00f3 \u00aba todos los profesionales de la educaci\u00f3n, padres, madres, representantes y a nuestros alumnos a un feliz retorno a las clases\u00bb.<\/p>\n\n\n\n<p>Adicionalmente, Rodr\u00edguez public\u00f3 en sus cuentas de Instagram el calendario acad\u00e9mico del periodo 2024-2025, rememorando el 15 de enero como el D\u00eda del Profesor en Venezuela.<\/p>\n\n\n\n<p>Tambi\u00e9n queda establecido que los asuetos de carnaval ser\u00e1n el 3 y 4 de marzo mientras que Semana Santa corresponde a los d\u00edas 17 y 18 de abril.<br><strong><em>ET \/ El Universal<\/em><\/strong><\/p>\n\n\n\n<p><\/p>\n","protected":false},"excerpt":{"rendered":"<p>ENTRE TORMENTAS. El ministro de Educaci\u00f3n, H\u00e9ctor Rodr\u00edguez, anunci\u00f3 en horas de la ma\u00f1ana de&#8230;<\/p>\n","protected":false},"author":2,"featured_media":11909,"comment_status":"closed","ping_status":"open","sticky":false,"template":"","format":"standard","meta":{"footnotes":""},"categories":[56,49],"tags":[],"class_list":["post-11908","post","type-post","status-publish","format-standard","has-post-thumbnail","hentry","category-destacadas","category-nacionales"],"_links":{"self":[{"href":"https:\/\/entretormentas.com\/index.php?rest_route=\/wp\/v2\/posts\/11908","targetHints":{"allow":["GET"]}}],"collection":[{"href":"https:\/\/entretormentas.com\/index.php?rest_route=\/wp\/v2\/posts"}],"about":[{"href":"https:\/\/entretormentas.com\/index.php?rest_route=\/wp\/v2\/types\/post"}],"author":[{"embeddable":true,"href":"https:\/\/entretormentas.com\/index.php?rest_route=\/wp\/v2\/users\/2"}],"replies":[{"embeddable":true,"href":"https:\/\/entretormentas.com\/index.php?rest_route=%2Fwp%2Fv2%2Fcomments&post=11908"}],"version-history":[{"count":1,"href":"https:\/\/entretormentas.com\/index.php?rest_route=\/wp\/v2\/posts\/11908\/revisions"}],"predecessor-version":[{"id":11910,"href":"https:\/\/entretormentas.com\/index.php?rest_route=\/wp\/v2\/posts\/11908\/revisions\/11910"}],"wp:featuredmedia":[{"embeddable":true,"href":"https:\/\/entretormentas.com\/index.php?rest_route=\/wp\/v2\/media\/11909"}],"wp:attachment":[{"href":"https:\/\/entretormentas.com\/index.php?rest_route=%2Fwp%2Fv2%2Fmedia&parent=11908"}],"wp:term":[{"taxonomy":"category","embeddable":true,"href":"https:\/\/entretormentas.com\/index.php?rest_route=%2Fwp%2Fv2%2Fcategories&post=11908"},{"taxonomy":"post_tag","embeddable":true,"href":"https:\/\/entretormentas.com\/index.php?rest_route=%2Fwp%2Fv2%2Ftags&post=11908"}],"curies":[{"name":"wp","href":"https:\/\/api.w.org\/{rel}","templated":true}]}}