{"id":11911,"date":"2025-01-04T11:16:34","date_gmt":"2025-01-04T10:16:34","guid":{"rendered":"https:\/\/entretormentas.com\/?p=11911"},"modified":"2025-01-04T11:16:50","modified_gmt":"2025-01-04T10:16:50","slug":"mancomunidad-maduro-promueve-crear-un-bloque-de-fuerzas-entre-america-latina-y-el-caribe","status":"publish","type":"post","link":"https:\/\/entretormentas.com\/mancomunidad-maduro-promueve-crear-un-bloque-de-fuerzas-entre-america-latina-y-el-caribe\/","title":{"rendered":"\u00a1MANCOMUNIDAD! Maduro promueve crear un bloque de fuerzas entre Am\u00e9rica Latina y el Caribe"},"content":{"rendered":"\n<p><strong>ENTRE TORMENTAS. <\/strong>El presidente Nicol\u00e1s Maduro comparti\u00f3 un mensaje este viernes donde manifest\u00f3 la necesidad de \u00abunir a Am\u00e9rica Latina y el Caribe\u00bb.<\/p>\n\n\n\n<p>En el material publicado en las redes sociales, Maduro agreg\u00f3 que esto es para construir un \u00abbloque de fuerzas, una confederaci\u00f3n de pa\u00edses y gobiernos que nos permita transitar juntos el resto del siglo XXI\u00bb.<\/p>\n\n\n\n<p>Tambi\u00e9n coment\u00f3 que hay un reacomodo en las fuerzas mundiales, lo que genera un efecto en el organismo multilateral que es la Organizaci\u00f3n de las Naciones Unidas (ONU), a la cual se\u00f1al\u00f3 de estar \u00abviviendo un proceso de agotamiento grave\u00bb.<\/p>\n\n\n\n<p>Adem\u00e1s, Maduro mencion\u00f3 que los \u00abimperios occidentales han decidido utilizar su poder militar para amenazar al mundo\u00bb.<br><strong><em>ET \/ Agencias<\/em><\/strong><\/p>\n\n\n\n<p><\/p>\n","protected":false},"excerpt":{"rendered":"<p>ENTRE TORMENTAS. El presidente Nicol\u00e1s Maduro comparti\u00f3 un mensaje este viernes donde manifest\u00f3 la necesidad&#8230;<\/p>\n","protected":false},"author":2,"featured_media":11912,"comment_status":"closed","ping_status":"open","sticky":false,"template":"","format":"standard","meta":{"footnotes":""},"categories":[56,49],"tags":[],"class_list":["post-11911","post","type-post","status-publish","format-standard","has-post-thumbnail","hentry","category-destacadas","category-nacionales"],"_links":{"self":[{"href":"https:\/\/entretormentas.com\/index.php?rest_route=\/wp\/v2\/posts\/11911","targetHints":{"allow":["GET"]}}],"collection":[{"href":"https:\/\/entretormentas.com\/index.php?rest_route=\/wp\/v2\/posts"}],"about":[{"href":"https:\/\/entretormentas.com\/index.php?rest_route=\/wp\/v2\/types\/post"}],"author":[{"embeddable":true,"href":"https:\/\/entretormentas.com\/index.php?rest_route=\/wp\/v2\/users\/2"}],"replies":[{"embeddable":true,"href":"https:\/\/entretormentas.com\/index.php?rest_route=%2Fwp%2Fv2%2Fcomments&post=11911"}],"version-history":[{"count":1,"href":"https:\/\/entretormentas.com\/index.php?rest_route=\/wp\/v2\/posts\/11911\/revisions"}],"predecessor-version":[{"id":11913,"href":"https:\/\/entretormentas.com\/index.php?rest_route=\/wp\/v2\/posts\/11911\/revisions\/11913"}],"wp:featuredmedia":[{"embeddable":true,"href":"https:\/\/entretormentas.com\/index.php?rest_route=\/wp\/v2\/media\/11912"}],"wp:attachment":[{"href":"https:\/\/entretormentas.com\/index.php?rest_route=%2Fwp%2Fv2%2Fmedia&parent=11911"}],"wp:term":[{"taxonomy":"category","embeddable":true,"href":"https:\/\/entretormentas.com\/index.php?rest_route=%2Fwp%2Fv2%2Fcategories&post=11911"},{"taxonomy":"post_tag","embeddable":true,"href":"https:\/\/entretormentas.com\/index.php?rest_route=%2Fwp%2Fv2%2Ftags&post=11911"}],"curies":[{"name":"wp","href":"https:\/\/api.w.org\/{rel}","templated":true}]}}