{"id":11917,"date":"2025-01-05T13:18:06","date_gmt":"2025-01-05T12:18:06","guid":{"rendered":"https:\/\/entretormentas.com\/?p=11917"},"modified":"2025-01-05T13:18:07","modified_gmt":"2025-01-05T12:18:07","slug":"en-el-2024-mas-de-45-mil-sanfranciscanos-se-beneficiaron-en-la-gestion-de-comdepro","status":"publish","type":"post","link":"https:\/\/entretormentas.com\/en-el-2024-mas-de-45-mil-sanfranciscanos-se-beneficiaron-en-la-gestion-de-comdepro\/","title":{"rendered":"\u00a1EN EL 2024! M\u00e1s de 45 mil sanfranciscanos se beneficiaron en la gesti\u00f3n de Comdepro"},"content":{"rendered":"\n<p><strong>ENTRE TORMENTAS.<\/strong> En la alcald\u00eda de San Francisco, la gesti\u00f3n del alcalde Gustavo Fern\u00e1ndez, est\u00e1 enfocada en el resguardo de los derechos de todos sus ciudadanos, por esta raz\u00f3n a trav\u00e9s del Consejo de Protecci\u00f3n de Ni\u00f1os, Ni\u00f1as y Adolescentes (Comdepro), este a\u00f1o las cifras de usuarios atendidos se sit\u00faa en 45 mil 199 ciudadanos beneficiados, mediante los servicios prestados en esta instituci\u00f3n, en las diferentes sedes y parroquias del municipio San Francisco.<\/p>\n\n\n\n<p>Dianeth Guerrero, directora de Comdepro, asume como un logro importante que adem\u00e1s de ni\u00f1os, ni\u00f1as y adolescentes, tambi\u00e9n se les brinde atenci\u00f3n integral a los adultos involucrados en los diferentes casos que se gestionan a diario, ya que en muchas ocasiones, de las orientaciones familiares depende la resoluci\u00f3n exitosa de diversos conflictos y situaciones.<\/p>\n\n\n\n<figure class=\"wp-block-image size-large\"><img fetchpriority=\"high\" decoding=\"async\" width=\"1024\" height=\"683\" src=\"https:\/\/entretormentas.com\/wp-content\/uploads\/2025\/01\/image-17-1024x683.png\" alt=\"\" class=\"wp-image-11919\" srcset=\"https:\/\/entretormentas.com\/wp-content\/uploads\/2025\/01\/image-17-1024x683.png 1024w, https:\/\/entretormentas.com\/wp-content\/uploads\/2025\/01\/image-17-300x200.png 300w, https:\/\/entretormentas.com\/wp-content\/uploads\/2025\/01\/image-17-768x512.png 768w, https:\/\/entretormentas.com\/wp-content\/uploads\/2025\/01\/image-17.png 1280w\" sizes=\"(max-width: 1024px) 100vw, 1024px\" \/><\/figure>\n\n\n\n<p>Entre las orientaciones jur\u00eddicas, psicol\u00f3gicas, psicopedag\u00f3gicas, familiares, sumando inspecciones, visitas sociales, talleres Lopnna en centros, y alianzas interinstitucionales, un total de 14 mil 301 usuarios, recibieron atenci\u00f3n individualizada, especializada y de calidad, mediante el personal que hace vida en los espacios de la alcald\u00eda de San Francisco, adscritos a Comdepro.<\/p>\n\n\n\n<p>Guerrero inform\u00f3 que este a\u00f1o disminuyeron las cifras de abuso sexual en el municipio, lo cual indica que el trabajo est\u00e1 anclado en evidenciar resultados positivos. \u00abAdem\u00e1s de los casos de abuso sexual, desde Comdepro en el 2024, tambi\u00e9n gestionamos 22 mil 341 casos divididos en el resguardo de la integridad personal, derecho a la identificaci\u00f3n, autorizaciones de viaje, credenciales de adolescentes trabajadores y orientaciones generales\u00bb, precis\u00f3 Guerrero.<\/p>\n\n\n\n<p>Es importante resaltar que desde Comdepro no s\u00f3lo se prestan los servicios ya mencionados, sino que tambi\u00e9n se hacen valer los derechos de los ni\u00f1os, ni\u00f1as y adolescentes para que reciban manutenci\u00f3n, educaci\u00f3n, talleres en planteles, reconocimiento voluntario, se establecen r\u00e9gimen de convivencia familiar, se promueve el cumplimiento de responsabilidad parental, se hacen remisiones al psic\u00f3logo y se les da seguimiento al incumplimiento de deberes, en d\u00f3nde ocho mil usuarios fueron beneficiados en estas categor\u00edas en el 2024.<\/p>\n\n\n\n<p>Desde la alcald\u00eda de San Francisco, Comdepro contin\u00faa apostando a la creaci\u00f3n de v\u00ednculos de respeto e integridad para este 2025, entre todos los habitantes de las comunidades del municipio sure\u00f1o, ya que el esfuerzo del alcalde Gustavo Fern\u00e1ndez radica en el bienestar de todos sus ciudadanos.<br><strong><em>ET \/ Alcald\u00eda de San Francisco<\/em><\/strong><\/p>\n","protected":false},"excerpt":{"rendered":"<p>ENTRE TORMENTAS. En la alcald\u00eda de San Francisco, la gesti\u00f3n del alcalde Gustavo Fern\u00e1ndez, est\u00e1&#8230;<\/p>\n","protected":false},"author":2,"featured_media":11918,"comment_status":"closed","ping_status":"open","sticky":false,"template":"","format":"standard","meta":{"footnotes":""},"categories":[57,1],"tags":[],"class_list":["post-11917","post","type-post","status-publish","format-standard","has-post-thumbnail","hentry","category-actualidad","category-regionales"],"_links":{"self":[{"href":"https:\/\/entretormentas.com\/index.php?rest_route=\/wp\/v2\/posts\/11917","targetHints":{"allow":["GET"]}}],"collection":[{"href":"https:\/\/entretormentas.com\/index.php?rest_route=\/wp\/v2\/posts"}],"about":[{"href":"https:\/\/entretormentas.com\/index.php?rest_route=\/wp\/v2\/types\/post"}],"author":[{"embeddable":true,"href":"https:\/\/entretormentas.com\/index.php?rest_route=\/wp\/v2\/users\/2"}],"replies":[{"embeddable":true,"href":"https:\/\/entretormentas.com\/index.php?rest_route=%2Fwp%2Fv2%2Fcomments&post=11917"}],"version-history":[{"count":1,"href":"https:\/\/entretormentas.com\/index.php?rest_route=\/wp\/v2\/posts\/11917\/revisions"}],"predecessor-version":[{"id":11920,"href":"https:\/\/entretormentas.com\/index.php?rest_route=\/wp\/v2\/posts\/11917\/revisions\/11920"}],"wp:featuredmedia":[{"embeddable":true,"href":"https:\/\/entretormentas.com\/index.php?rest_route=\/wp\/v2\/media\/11918"}],"wp:attachment":[{"href":"https:\/\/entretormentas.com\/index.php?rest_route=%2Fwp%2Fv2%2Fmedia&parent=11917"}],"wp:term":[{"taxonomy":"category","embeddable":true,"href":"https:\/\/entretormentas.com\/index.php?rest_route=%2Fwp%2Fv2%2Fcategories&post=11917"},{"taxonomy":"post_tag","embeddable":true,"href":"https:\/\/entretormentas.com\/index.php?rest_route=%2Fwp%2Fv2%2Ftags&post=11917"}],"curies":[{"name":"wp","href":"https:\/\/api.w.org\/{rel}","templated":true}]}}