{"id":11921,"date":"2025-01-05T13:21:49","date_gmt":"2025-01-05T12:21:49","guid":{"rendered":"https:\/\/entretormentas.com\/?p=11921"},"modified":"2025-01-05T13:21:49","modified_gmt":"2025-01-05T12:21:49","slug":"alcaldia-marabina-contratan-a-sepultureros-de-cementerios-municipales-con-mas-de-35-anos-de-trabajo-independiente","status":"publish","type":"post","link":"https:\/\/entretormentas.com\/alcaldia-marabina-contratan-a-sepultureros-de-cementerios-municipales-con-mas-de-35-anos-de-trabajo-independiente\/","title":{"rendered":"\u00a1ALCALD\u00cdA MARABINA! Contratan a sepultureros de cementerios municipales con m\u00e1s de 35 a\u00f1os de trabajo independiente"},"content":{"rendered":"\n<p><strong>ENTRE TORMENTAS. <\/strong>Un total de 32 trabajadores sepultureros del cementerio Sagrado Coraz\u00f3n de Jes\u00fas que nunca hab\u00edan sido reconocidos por ning\u00fan ente ni gozaban de ninguna formalidad laboral, ingresaron hoy viernes 3 de enero como servidores p\u00fablicos de la Alcald\u00eda de Maracaibo a trav\u00e9s del Servicio Desconcentrado de Cementerios Municipales (SEDECEMA).<\/p>\n\n\n\n<p>\u201cPor muchos a\u00f1os los sepultureros fueron trabajadores indirectos y laboranban a destajo tanto en el Sagrado Coraz\u00f3n de Jes\u00fas como en el cementerio San Jos\u00e9. Algunos de ellos tienen entre 35 y 50 a\u00f1os prestando un servicio de forma intermitente, pero ahora que son parte de la Alcald\u00eda de Maracaibo, van a contar con su seguro m\u00e9dico y todos los beneficios que la ley estipula\u201d, se\u00f1al\u00f3 Adri\u00e1n Romero Mart\u00ednez, alcalde encargado de Maracaibo.<\/p>\n\n\n\n<figure class=\"wp-block-image size-large\"><img fetchpriority=\"high\" decoding=\"async\" width=\"1024\" height=\"576\" src=\"https:\/\/entretormentas.com\/wp-content\/uploads\/2025\/01\/image-19-1024x576.png\" alt=\"\" class=\"wp-image-11923\" srcset=\"https:\/\/entretormentas.com\/wp-content\/uploads\/2025\/01\/image-19-1024x576.png 1024w, https:\/\/entretormentas.com\/wp-content\/uploads\/2025\/01\/image-19-300x169.png 300w, https:\/\/entretormentas.com\/wp-content\/uploads\/2025\/01\/image-19-768x432.png 768w, https:\/\/entretormentas.com\/wp-content\/uploads\/2025\/01\/image-19.png 1080w\" sizes=\"(max-width: 1024px) 100vw, 1024px\" \/><\/figure>\n\n\n\n<p>De igual forma, los trabajadores recibieron implementos de seguridad tales como cascos, guantes, lentes y uniformes, adem\u00e1s de insumos y equipos de trabajo para el mantenimiento del camposanto como palas, picos, machetes, rastrillos y guada\u00f1as, as\u00ed lo se\u00f1al\u00f3 Caracciolo Bosc\u00e1n, director general de SEDECEMA.<\/p>\n\n\n\n<p>Ram\u00f3n Gonz\u00e1lez, sepulturero de 68 a\u00f1os, labora en el cementerio Coraz\u00f3n de Jes\u00fas desde hace m\u00e1s de 40 a\u00f1os y calific\u00f3 los beneficios que recibi\u00f3 como \u201cun logro y un acto de justicia social\u201d. \u201cPasamos a formar parte de una n\u00f3mina y tenemos nuestro pago seguro. Me contenta mucho porque antes trabaj\u00e1bamos a destajo; si hab\u00eda trabajo se ganaba, si no hab\u00eda trabajo no se ganaba nada\u201d.<\/p>\n\n\n\n<p>Asimismo, resalta la importancia de contar con las herramientas que amerita su trabajo. \u201cNo es f\u00e1cil. Hay d\u00edas que puede haber dos entierros, como hay a d\u00edas que hay 14, 15, 20 y entonces hay que correr, brincar, saltar, ver c\u00f3mo hacemos para darle cumplimiento a todos los usuarios que vienen con el dolor de perder un familiar o un ser querido y ayudarles a que a su difunto se le d\u00e9 cristiana sepultura de una manera decente\u201d.<\/p>\n\n\n\n<p><strong>JORNADA DE LIMPIEZA<\/strong><br>El alcalde encargado, Adri\u00e1n Romero Mart\u00ednez, anunci\u00f3 que con el apoyo de los equipos de ambientalistas del Instituto Municipal del Ambiente (IMA) iniciaron la limpieza y desmalezamiento de gran parte del Coraz\u00f3n de Jes\u00fas: \u201cYa transcurrida la \u00e9poca de lluvia, consolidaremos el proyecto para ejecutar la limpieza general, no solamente del Coraz\u00f3n de Jes\u00fas, sino tambi\u00e9n del San Jos\u00e9, que son los dos cementerios municipales\u201d.<\/p>\n\n\n\n<figure class=\"wp-block-image size-large\"><img decoding=\"async\" width=\"1024\" height=\"576\" src=\"https:\/\/entretormentas.com\/wp-content\/uploads\/2025\/01\/image-20-1024x576.png\" alt=\"\" class=\"wp-image-11924\" srcset=\"https:\/\/entretormentas.com\/wp-content\/uploads\/2025\/01\/image-20-1024x576.png 1024w, https:\/\/entretormentas.com\/wp-content\/uploads\/2025\/01\/image-20-300x169.png 300w, https:\/\/entretormentas.com\/wp-content\/uploads\/2025\/01\/image-20-768x432.png 768w, https:\/\/entretormentas.com\/wp-content\/uploads\/2025\/01\/image-20.png 1080w\" sizes=\"(max-width: 1024px) 100vw, 1024px\" \/><\/figure>\n\n\n\n<p>\u201cEste es un trabajo que puede durar un mes y medio aproximadamente, ya se encuentra en marcha el ensayo, se hizo el desmalezamiento y ya se est\u00e1 articulando para la aplicaci\u00f3n de unos herbicidas para que la maleza no vuelva a crecer. Tenemos un proyecto que esperemos que en los pr\u00f3ximos d\u00edas se concrete para ejecutar la limpieza de las 46 hect\u00e1reas del pante\u00f3n\u201d, concluy\u00f3 el burgomaestre.<\/p>\n\n\n\n<p>El director Caracciolo Bosc\u00e1n coment\u00f3 que debido a que las condiciones clim\u00e1ticas no fueron favorables en los \u00faltimos meses, los trabajos se hab\u00edan visto pospuestos. \u201cEl verano nos permite iniciar fuertemente la jornada de limpieza de este importante espacio. Agradecemos el apoyo del Instituto Municipal del Ambiente, que tambi\u00e9n se ha abocado a acompa\u00f1arnos en esta limpieza\u201d.<br><strong><em>ET \/ DCI Alcald\u00eda de Maracaibo<\/em><\/strong><\/p>\n","protected":false},"excerpt":{"rendered":"<p>ENTRE TORMENTAS. Un total de 32 trabajadores sepultureros del cementerio Sagrado Coraz\u00f3n de Jes\u00fas que&#8230;<\/p>\n","protected":false},"author":2,"featured_media":11922,"comment_status":"closed","ping_status":"open","sticky":false,"template":"","format":"standard","meta":{"footnotes":""},"categories":[57,1],"tags":[],"class_list":["post-11921","post","type-post","status-publish","format-standard","has-post-thumbnail","hentry","category-actualidad","category-regionales"],"_links":{"self":[{"href":"https:\/\/entretormentas.com\/index.php?rest_route=\/wp\/v2\/posts\/11921","targetHints":{"allow":["GET"]}}],"collection":[{"href":"https:\/\/entretormentas.com\/index.php?rest_route=\/wp\/v2\/posts"}],"about":[{"href":"https:\/\/entretormentas.com\/index.php?rest_route=\/wp\/v2\/types\/post"}],"author":[{"embeddable":true,"href":"https:\/\/entretormentas.com\/index.php?rest_route=\/wp\/v2\/users\/2"}],"replies":[{"embeddable":true,"href":"https:\/\/entretormentas.com\/index.php?rest_route=%2Fwp%2Fv2%2Fcomments&post=11921"}],"version-history":[{"count":1,"href":"https:\/\/entretormentas.com\/index.php?rest_route=\/wp\/v2\/posts\/11921\/revisions"}],"predecessor-version":[{"id":11925,"href":"https:\/\/entretormentas.com\/index.php?rest_route=\/wp\/v2\/posts\/11921\/revisions\/11925"}],"wp:featuredmedia":[{"embeddable":true,"href":"https:\/\/entretormentas.com\/index.php?rest_route=\/wp\/v2\/media\/11922"}],"wp:attachment":[{"href":"https:\/\/entretormentas.com\/index.php?rest_route=%2Fwp%2Fv2%2Fmedia&parent=11921"}],"wp:term":[{"taxonomy":"category","embeddable":true,"href":"https:\/\/entretormentas.com\/index.php?rest_route=%2Fwp%2Fv2%2Fcategories&post=11921"},{"taxonomy":"post_tag","embeddable":true,"href":"https:\/\/entretormentas.com\/index.php?rest_route=%2Fwp%2Fv2%2Ftags&post=11921"}],"curies":[{"name":"wp","href":"https:\/\/api.w.org\/{rel}","templated":true}]}}