{"id":11926,"date":"2025-01-05T13:25:39","date_gmt":"2025-01-05T12:25:39","guid":{"rendered":"https:\/\/entretormentas.com\/?p=11926"},"modified":"2025-01-05T13:25:40","modified_gmt":"2025-01-05T12:25:40","slug":"por-mayoria-jose-javier-martinez-es-el-nuevo-presidente-de-la-camara-municipal-de-san-francisco","status":"publish","type":"post","link":"https:\/\/entretormentas.com\/por-mayoria-jose-javier-martinez-es-el-nuevo-presidente-de-la-camara-municipal-de-san-francisco\/","title":{"rendered":"\u00a1POR MAYOR\u00cdA! Jos\u00e9 Javier Mart\u00ednez es el nuevo presidente de la C\u00e1mara Municipal de San Francisco"},"content":{"rendered":"\n<p><strong>ENTRE TORMENTAS.<\/strong> Este s\u00e1bado, 4 de enero, el Concejo Municipal de San Francisco realiz\u00f3 la instalaci\u00f3n y juramentaci\u00f3n de la nueva junta directiva de este ente legislador municipal del Estado Zulia para el per\u00edodo legislativo 2025.<\/p>\n\n\n\n<p>El acto donde se eligi\u00f3 al concejal de la tolda Acci\u00f3n Democr\u00e1tica, Jos\u00e9 Javier Mart\u00ednez, se realiz\u00f3 en el auditorio Humberto Fern\u00e1ndez Mor\u00e1n de la alcald\u00eda de San Francisco.<\/p>\n\n\n\n<figure class=\"wp-block-image size-full\"><img fetchpriority=\"high\" decoding=\"async\" width=\"647\" height=\"502\" src=\"https:\/\/entretormentas.com\/wp-content\/uploads\/2025\/01\/image-23.png\" alt=\"\" class=\"wp-image-11929\" srcset=\"https:\/\/entretormentas.com\/wp-content\/uploads\/2025\/01\/image-23.png 647w, https:\/\/entretormentas.com\/wp-content\/uploads\/2025\/01\/image-23-300x233.png 300w\" sizes=\"(max-width: 647px) 100vw, 647px\" \/><\/figure>\n\n\n\n<p>Durante su derecho de palabra, en su salida como presidenta, la concejal Stefany Gonz\u00e1lez hizo un reconocimiento a todos los concejales que hacen vida en el municipio, pues gracias a su desempe\u00f1o se lograron m\u00e1s de 100 sesiones que permitieron el avance de 11 ordenanzas, dejando tres ordenanzas en primera discusi\u00f3n. \u00abEstoy convencida de que quien toma hoy las riendas seguir\u00e1 el trabajo que ven\u00edamos haciendo a favor de los habitantes del Municipio San Francisco\u00bb, coment\u00f3 Gonz\u00e1lez.<\/p>\n\n\n\n<p>Por su parte, el concejal Ronald Prieto en su intervenci\u00f3n tuvo la responsabilidad de postular a la concejal, Violeta Soto al cargo de Vicepresidente del Concejo Municipal de San Francisco. \u00abHoy tengo el honor de postular al cargo de Vicepresidente, a una mujer que viene de la misma escuela que yo, que ha luchado incansablemente con alma, vida y coraz\u00f3n por este municipio\u00bb, dijo Prieto.<\/p>\n\n\n\n<figure class=\"wp-block-image size-full\"><img decoding=\"async\" width=\"720\" height=\"500\" src=\"https:\/\/entretormentas.com\/wp-content\/uploads\/2025\/01\/image-22.png\" alt=\"\" class=\"wp-image-11928\" srcset=\"https:\/\/entretormentas.com\/wp-content\/uploads\/2025\/01\/image-22.png 720w, https:\/\/entretormentas.com\/wp-content\/uploads\/2025\/01\/image-22-300x208.png 300w\" sizes=\"(max-width: 720px) 100vw, 720px\" \/><\/figure>\n\n\n\n<p>En su derecho de palabra el concejal Ybrahim Guti\u00e9rrez tuvo la responsabilidad de postular a Silfrido Villasmil y a Linda Rinc\u00f3n a los cargos de Secretario Municipal y Subsecretar\u00eda Municipal, respectivamente.<\/p>\n\n\n\n<p>Finalmente el nuevo presidente de esta c\u00e1mara legislativa, Jos\u00e9 Javier Mart\u00ednez, agradeci\u00f3 a Dios por esta oportunidad que dijo le llena de gran j\u00fabilo, no solo por \u00e9l sino tambi\u00e9n por su compa\u00f1era de lucha Violeta Soto en su nuevo cargo, \u00abpero no solo quiero agradecer por esto, sino por todo lo que Dios hace en mi vida, porque desde un principio dej\u00e9 todo en manos de Dios, y hoy \u00e9l ha respondido\u00bb, reconoci\u00f3 Mart\u00ednez.<br><strong><em>ET \/ Concejo Municipal de San Francisco<\/em><\/strong><\/p>\n","protected":false},"excerpt":{"rendered":"<p>ENTRE TORMENTAS. Este s\u00e1bado, 4 de enero, el Concejo Municipal de San Francisco realiz\u00f3 la&#8230;<\/p>\n","protected":false},"author":2,"featured_media":11927,"comment_status":"closed","ping_status":"open","sticky":false,"template":"","format":"standard","meta":{"footnotes":""},"categories":[57,1],"tags":[],"class_list":["post-11926","post","type-post","status-publish","format-standard","has-post-thumbnail","hentry","category-actualidad","category-regionales"],"_links":{"self":[{"href":"https:\/\/entretormentas.com\/index.php?rest_route=\/wp\/v2\/posts\/11926","targetHints":{"allow":["GET"]}}],"collection":[{"href":"https:\/\/entretormentas.com\/index.php?rest_route=\/wp\/v2\/posts"}],"about":[{"href":"https:\/\/entretormentas.com\/index.php?rest_route=\/wp\/v2\/types\/post"}],"author":[{"embeddable":true,"href":"https:\/\/entretormentas.com\/index.php?rest_route=\/wp\/v2\/users\/2"}],"replies":[{"embeddable":true,"href":"https:\/\/entretormentas.com\/index.php?rest_route=%2Fwp%2Fv2%2Fcomments&post=11926"}],"version-history":[{"count":1,"href":"https:\/\/entretormentas.com\/index.php?rest_route=\/wp\/v2\/posts\/11926\/revisions"}],"predecessor-version":[{"id":11930,"href":"https:\/\/entretormentas.com\/index.php?rest_route=\/wp\/v2\/posts\/11926\/revisions\/11930"}],"wp:featuredmedia":[{"embeddable":true,"href":"https:\/\/entretormentas.com\/index.php?rest_route=\/wp\/v2\/media\/11927"}],"wp:attachment":[{"href":"https:\/\/entretormentas.com\/index.php?rest_route=%2Fwp%2Fv2%2Fmedia&parent=11926"}],"wp:term":[{"taxonomy":"category","embeddable":true,"href":"https:\/\/entretormentas.com\/index.php?rest_route=%2Fwp%2Fv2%2Fcategories&post=11926"},{"taxonomy":"post_tag","embeddable":true,"href":"https:\/\/entretormentas.com\/index.php?rest_route=%2Fwp%2Fv2%2Ftags&post=11926"}],"curies":[{"name":"wp","href":"https:\/\/api.w.org\/{rel}","templated":true}]}}