{"id":11935,"date":"2025-01-05T13:33:07","date_gmt":"2025-01-05T12:33:07","guid":{"rendered":"https:\/\/entretormentas.com\/?p=11935"},"modified":"2025-01-05T13:33:07","modified_gmt":"2025-01-05T12:33:07","slug":"apegados-a-la-ley-an-instala-este-domingo-nuevo-periodo-legislativo-2025-2026","status":"publish","type":"post","link":"https:\/\/entretormentas.com\/apegados-a-la-ley-an-instala-este-domingo-nuevo-periodo-legislativo-2025-2026\/","title":{"rendered":"\u00a1APEGADOS A LA LEY! AN instala este domingo nuevo periodo legislativo 2025-2026"},"content":{"rendered":"\n<p><strong>ENTRE TORMENTAS. <\/strong>La Asamblea Nacional (AN) se instalar\u00e1 este domingo 5 de enero de 2025, durante una sesi\u00f3n ordinaria que da inicio al periodo legislativo 2025-2026, de acuerdo a lo establecido en la Constituci\u00f3n de la Rep\u00fablica Bolivariana de Venezuela.<\/p>\n\n\n\n<p>Durante la jornada se espera que tanto la bancada oficialista como opositora realicen sus propuestas para la elecci\u00f3n de la nueva junta directiva, la cual tendr\u00e1 vigencia por el per\u00edodo de un a\u00f1o.<\/p>\n\n\n\n<p>Es importante destacar, que el diputado Jorge Rodr\u00edguez fungir\u00e1 como director de Debate de esta sesi\u00f3n de instalaci\u00f3n debido a que cumpli\u00f3 su tercer a\u00f1o como presidente del Legislativo. Le corresponde por tanto ocupar el curul correspondiente en la Tribuna de la Junta Directiva y desde all\u00ed dirigir\u00e1 la sesi\u00f3n provisionalmente.<\/p>\n\n\n\n<p>De acuerdo al art\u00edculo 3 del Ridan, se anunciar\u00e1 al parlamentario de m\u00e1s edad como el responsable de dirigir la Comisi\u00f3n de Instalaci\u00f3n que tendr\u00e1 a dos asamble\u00edstas, quienes cumplir\u00e1n la funci\u00f3n de secretario y subsecretario accidentales para hacer los procedimientos protocolares establecidos en la ley, rese\u00f1\u00f2 El Universal.<\/p>\n\n\n\n<p>El director de debate debe elegir cinco diputados para revisar las credenciales de todos los parlamentarios presentes en la sesi\u00f3n y as\u00ed comenzar la lectura de la plancha de los postulados a los cargos, despu\u00e9s proceder a votar en plenaria por quienes integrar\u00e1n la nueva Junta Directiva de la AN, tal como lo se\u00f1ala el art\u00edculo 8 del Ridan.<\/p>\n\n\n\n<p>Al ser elegidos los integrantes de la Junta Directiva, al presidente, al primer vicepresidente y segundo vicepresidente, secretario, y al subsecretario, por el per\u00edodo de un a\u00f1o, como lo se\u00f1ala el Art. 194 de la CRBV, ser\u00e1n juramentados por la comisi\u00f3n para luego ocupar su cargo al cual fueron electos por la C\u00e1mara Plena.<\/p>\n\n\n\n<p>Una vez juramentado, se abrir\u00e1 el palco de oradores para que el reci\u00e9n designado jefe del Poder Legislativo haga su discurso de apertura del nuevo periodo<br><strong><em>ET \/ El Universal<\/em><\/strong><\/p>\n\n\n\n<p><\/p>\n","protected":false},"excerpt":{"rendered":"<p>ENTRE TORMENTAS. La Asamblea Nacional (AN) se instalar\u00e1 este domingo 5 de enero de 2025,&#8230;<\/p>\n","protected":false},"author":2,"featured_media":11936,"comment_status":"closed","ping_status":"open","sticky":false,"template":"","format":"standard","meta":{"footnotes":""},"categories":[56,49],"tags":[],"class_list":["post-11935","post","type-post","status-publish","format-standard","has-post-thumbnail","hentry","category-destacadas","category-nacionales"],"_links":{"self":[{"href":"https:\/\/entretormentas.com\/index.php?rest_route=\/wp\/v2\/posts\/11935","targetHints":{"allow":["GET"]}}],"collection":[{"href":"https:\/\/entretormentas.com\/index.php?rest_route=\/wp\/v2\/posts"}],"about":[{"href":"https:\/\/entretormentas.com\/index.php?rest_route=\/wp\/v2\/types\/post"}],"author":[{"embeddable":true,"href":"https:\/\/entretormentas.com\/index.php?rest_route=\/wp\/v2\/users\/2"}],"replies":[{"embeddable":true,"href":"https:\/\/entretormentas.com\/index.php?rest_route=%2Fwp%2Fv2%2Fcomments&post=11935"}],"version-history":[{"count":1,"href":"https:\/\/entretormentas.com\/index.php?rest_route=\/wp\/v2\/posts\/11935\/revisions"}],"predecessor-version":[{"id":11937,"href":"https:\/\/entretormentas.com\/index.php?rest_route=\/wp\/v2\/posts\/11935\/revisions\/11937"}],"wp:featuredmedia":[{"embeddable":true,"href":"https:\/\/entretormentas.com\/index.php?rest_route=\/wp\/v2\/media\/11936"}],"wp:attachment":[{"href":"https:\/\/entretormentas.com\/index.php?rest_route=%2Fwp%2Fv2%2Fmedia&parent=11935"}],"wp:term":[{"taxonomy":"category","embeddable":true,"href":"https:\/\/entretormentas.com\/index.php?rest_route=%2Fwp%2Fv2%2Fcategories&post=11935"},{"taxonomy":"post_tag","embeddable":true,"href":"https:\/\/entretormentas.com\/index.php?rest_route=%2Fwp%2Fv2%2Ftags&post=11935"}],"curies":[{"name":"wp","href":"https:\/\/api.w.org\/{rel}","templated":true}]}}