{"id":11938,"date":"2025-01-05T13:35:18","date_gmt":"2025-01-05T12:35:18","guid":{"rendered":"https:\/\/entretormentas.com\/?p=11938"},"modified":"2025-01-05T13:35:19","modified_gmt":"2025-01-05T12:35:19","slug":"antes-del-10-en-diosdado-cabello-supervisa-despliegue-de-seguridad-en-caracas","status":"publish","type":"post","link":"https:\/\/entretormentas.com\/antes-del-10-en-diosdado-cabello-supervisa-despliegue-de-seguridad-en-caracas\/","title":{"rendered":"\u00a1ANTES DEL 10-EN! Diosdado Cabello supervisa despliegue de seguridad en Caracas"},"content":{"rendered":"\n<p><strong>ENTRE TORMENTAS. <\/strong>El ministro de Relaciones Interiores, Justicia y Paz, Diosdado Cabello, constat\u00f3 la noche de este s\u00e1bado el despliegue de seguridad en la ciudad de Caracas, asegurando que el pr\u00f3ximo \u00ab10 de enero Venezuela estar\u00e1 de fiesta\u00bb.<\/p>\n\n\n\n<p>En un video difundido en sus redes sociales, se puede ver c\u00f3mo el funcionario recorre las adyacencias de la Asamblea Nacional (AN) en el centro de la capital venezolana.<\/p>\n\n\n\n<p>En este sentido, explic\u00f3 que su recorrido responde a una supervisi\u00f3n de seguridad. Adem\u00e1s, esta acci\u00f3n tiene el fin de reforzar la seguridad antes, durante y despu\u00e9s del acto de juramentaci\u00f3n del presidente reelecto de la Rep\u00fablica, Nicol\u00e1s Maduro.<\/p>\n\n\n\n<p>\u00abEl 10 de enero Venezuela estar\u00e1 de fiesta. Estamos verificando puntos de control, haciendo seguimiento a los dispositivos de seguridad porque vamos a la juramentaci\u00f3n del presidente Nicol\u00e1s Maduro y vienen invitados internacionales\u00bb, dijo Diosdado Cabello durante el despliegue de seguridad en Caracas.<\/p>\n\n\n\n<p>Asimismo, coment\u00f3 que se espera la visita oficial de invitados internacionales, por lo que el Gobierno venezolano debe garantizar la seguridad.<\/p>\n\n\n\n<p>En el audiovisual, Cabello destac\u00f3 que algunos pol\u00edticos de la oposici\u00f3n venezolana se ponen nerviosos cuando ven en la calle a las fuerzas policiales y militares.<\/p>\n\n\n\n<p>\u00abRazones tendr\u00e1n para ponerse nerviosos, pero nosotros estamos para garantizar la paz de todos los venezolanos independientemente del sector pol\u00edtico al que pertenecen\u00bb, enfatiz\u00f3.<br><strong><em>ET \/ Venezuela News<\/em><\/strong><\/p>\n","protected":false},"excerpt":{"rendered":"<p>ENTRE TORMENTAS. El ministro de Relaciones Interiores, Justicia y Paz, Diosdado Cabello, constat\u00f3 la noche&#8230;<\/p>\n","protected":false},"author":2,"featured_media":11939,"comment_status":"closed","ping_status":"open","sticky":false,"template":"","format":"standard","meta":{"footnotes":""},"categories":[56,49],"tags":[],"class_list":["post-11938","post","type-post","status-publish","format-standard","has-post-thumbnail","hentry","category-destacadas","category-nacionales"],"_links":{"self":[{"href":"https:\/\/entretormentas.com\/index.php?rest_route=\/wp\/v2\/posts\/11938","targetHints":{"allow":["GET"]}}],"collection":[{"href":"https:\/\/entretormentas.com\/index.php?rest_route=\/wp\/v2\/posts"}],"about":[{"href":"https:\/\/entretormentas.com\/index.php?rest_route=\/wp\/v2\/types\/post"}],"author":[{"embeddable":true,"href":"https:\/\/entretormentas.com\/index.php?rest_route=\/wp\/v2\/users\/2"}],"replies":[{"embeddable":true,"href":"https:\/\/entretormentas.com\/index.php?rest_route=%2Fwp%2Fv2%2Fcomments&post=11938"}],"version-history":[{"count":1,"href":"https:\/\/entretormentas.com\/index.php?rest_route=\/wp\/v2\/posts\/11938\/revisions"}],"predecessor-version":[{"id":11940,"href":"https:\/\/entretormentas.com\/index.php?rest_route=\/wp\/v2\/posts\/11938\/revisions\/11940"}],"wp:featuredmedia":[{"embeddable":true,"href":"https:\/\/entretormentas.com\/index.php?rest_route=\/wp\/v2\/media\/11939"}],"wp:attachment":[{"href":"https:\/\/entretormentas.com\/index.php?rest_route=%2Fwp%2Fv2%2Fmedia&parent=11938"}],"wp:term":[{"taxonomy":"category","embeddable":true,"href":"https:\/\/entretormentas.com\/index.php?rest_route=%2Fwp%2Fv2%2Fcategories&post=11938"},{"taxonomy":"post_tag","embeddable":true,"href":"https:\/\/entretormentas.com\/index.php?rest_route=%2Fwp%2Fv2%2Ftags&post=11938"}],"curies":[{"name":"wp","href":"https:\/\/api.w.org\/{rel}","templated":true}]}}