{"id":11941,"date":"2025-01-05T13:38:05","date_gmt":"2025-01-05T12:38:05","guid":{"rendered":"https:\/\/entretormentas.com\/?p=11941"},"modified":"2025-01-05T13:39:00","modified_gmt":"2025-01-05T12:39:00","slug":"nuevos-cambios-maduro-plantea-avanzar-en-la-nueva-reforma-de-la-constitucion-nacional","status":"publish","type":"post","link":"https:\/\/entretormentas.com\/nuevos-cambios-maduro-plantea-avanzar-en-la-nueva-reforma-de-la-constitucion-nacional\/","title":{"rendered":"\u00a1NUEVOS CAMBIOS! Maduro plantea avanzar en la nueva reforma de la Constituci\u00f3n Nacional"},"content":{"rendered":"\n<p>ENTRE TORMENTAS. El presidente de la Rep\u00fablica, Nicol\u00e1s Maduro, pidi\u00f3 este s\u00e1bado que se avance en elaborar la nueva reforma constitucional. Asimismo, pidi\u00f3 \u00abavanzar como lo hacemos a un proceso de fortalecimiento de una nueva forma de hacer la pol\u00edtica, es una nueva democracia en Venezuela\u00bb.<\/p>\n\n\n\n<p>No obstante, reiter\u00f3 que \u00abel que tiene la \u00faltima palabra para cambiar la Constituci\u00f3n es el soberano y la democracia directa del Pueblo\u00bb.<\/p>\n\n\n\n<p>Cabe destacar que el pasado 19 de diciembre de 2024, Maduro anunci\u00f3 que se vendr\u00eda una Gran Reforma Constitucional.<\/p>\n\n\n\n<p>Durante una jornada de trabajo desde los Valles del Tuy, estado Miranda, el mandatario asegur\u00f3 que \u00abvamos a hacer una gran din\u00e1mica democratizadora\u00bb, por lo que conform\u00f3 \u00abun equipo con grandes asesores internacionales, grandes asesores nacionales\u00bb para \u00abpensar\u00bb junto al pueblo una \u00abgran reforma constitucional\u00bb.<\/p>\n\n\n\n<p>De acuerdo con Maduro, esta reforma ser\u00eda para \u00abdemocratizar a\u00fan m\u00e1s la sociedad venezolana\u00bb.<\/p>\n\n\n\n<p>Asimismo, se\u00f1al\u00f3 el mandatario que con esta reforma se busca empoderar \u00abal ciudadano, a la ciudadana, que consolide la libertad de Venezuela, que consolide la soberan\u00eda nacional, la soberan\u00eda popular\u00bb, asegur\u00f3.<br><strong><em>ET \/ Agencias<\/em><\/strong><\/p>\n\n\n\n<p><\/p>\n","protected":false},"excerpt":{"rendered":"<p>ENTRE TORMENTAS. El presidente de la Rep\u00fablica, Nicol\u00e1s Maduro, pidi\u00f3 este s\u00e1bado que se avance&#8230;<\/p>\n","protected":false},"author":2,"featured_media":11942,"comment_status":"closed","ping_status":"open","sticky":false,"template":"","format":"standard","meta":{"footnotes":""},"categories":[56,49],"tags":[],"class_list":["post-11941","post","type-post","status-publish","format-standard","has-post-thumbnail","hentry","category-destacadas","category-nacionales"],"_links":{"self":[{"href":"https:\/\/entretormentas.com\/index.php?rest_route=\/wp\/v2\/posts\/11941","targetHints":{"allow":["GET"]}}],"collection":[{"href":"https:\/\/entretormentas.com\/index.php?rest_route=\/wp\/v2\/posts"}],"about":[{"href":"https:\/\/entretormentas.com\/index.php?rest_route=\/wp\/v2\/types\/post"}],"author":[{"embeddable":true,"href":"https:\/\/entretormentas.com\/index.php?rest_route=\/wp\/v2\/users\/2"}],"replies":[{"embeddable":true,"href":"https:\/\/entretormentas.com\/index.php?rest_route=%2Fwp%2Fv2%2Fcomments&post=11941"}],"version-history":[{"count":1,"href":"https:\/\/entretormentas.com\/index.php?rest_route=\/wp\/v2\/posts\/11941\/revisions"}],"predecessor-version":[{"id":11943,"href":"https:\/\/entretormentas.com\/index.php?rest_route=\/wp\/v2\/posts\/11941\/revisions\/11943"}],"wp:featuredmedia":[{"embeddable":true,"href":"https:\/\/entretormentas.com\/index.php?rest_route=\/wp\/v2\/media\/11942"}],"wp:attachment":[{"href":"https:\/\/entretormentas.com\/index.php?rest_route=%2Fwp%2Fv2%2Fmedia&parent=11941"}],"wp:term":[{"taxonomy":"category","embeddable":true,"href":"https:\/\/entretormentas.com\/index.php?rest_route=%2Fwp%2Fv2%2Fcategories&post=11941"},{"taxonomy":"post_tag","embeddable":true,"href":"https:\/\/entretormentas.com\/index.php?rest_route=%2Fwp%2Fv2%2Ftags&post=11941"}],"curies":[{"name":"wp","href":"https:\/\/api.w.org\/{rel}","templated":true}]}}