{"id":11944,"date":"2025-01-05T13:42:59","date_gmt":"2025-01-05T12:42:59","guid":{"rendered":"https:\/\/entretormentas.com\/?p=11944"},"modified":"2025-01-05T13:43:00","modified_gmt":"2025-01-05T12:43:00","slug":"hoy-lo-recibe-biden-edmundo-gonzalez-se-reunio-con-javier-milei-y-luis-lacalle-pou","status":"publish","type":"post","link":"https:\/\/entretormentas.com\/hoy-lo-recibe-biden-edmundo-gonzalez-se-reunio-con-javier-milei-y-luis-lacalle-pou\/","title":{"rendered":"\u00a1HOY LO RECIBE BIDEN! Edmundo Gonz\u00e1lez se reuni\u00f3 con Javier Milei y Luis Lacalle Pou"},"content":{"rendered":"\n<p><strong>ENTRE TORMENTAS.<\/strong> El presidente de Argentina, Javier Milei, y Edmundo Gonz\u00e1lez Urrutia salieron este s\u00e1bado al balc\u00f3n de la Casa Rosada para saludar a los miles de venezolanos congregados en la Plaza de Mayo de Buenos Aires, en la primera parada del l\u00edder opositor venezolano de una gira por varios pa\u00edses latinoamericanos.<\/p>\n\n\n\n<p>\u00abPresidente, presidente\u00bb y \u00ablibertad\u00bb fueron los gritos que se escucharon en la m\u00edtica Plaza de Mayo por parte de los congregados que consideran a Gonz\u00e1lez Urrutia el ganador de las elecciones celebradas en Venezuela el pasado 28 de julio.<\/p>\n\n\n\n<figure class=\"wp-block-image size-full\"><img fetchpriority=\"high\" decoding=\"async\" width=\"677\" height=\"344\" src=\"https:\/\/entretormentas.com\/wp-content\/uploads\/2025\/01\/image-30.png\" alt=\"\" class=\"wp-image-11946\" srcset=\"https:\/\/entretormentas.com\/wp-content\/uploads\/2025\/01\/image-30.png 677w, https:\/\/entretormentas.com\/wp-content\/uploads\/2025\/01\/image-30-300x152.png 300w\" sizes=\"(max-width: 677px) 100vw, 677px\" \/><\/figure>\n\n\n\n<p>Las miles de personas que acudieron hasta las puertas de la Casa Rosada tambi\u00e9n lanzaron consignas como \u00abGracias Milei\u00bb, en alusi\u00f3n al mandatario argentino, que ha sido el primer l\u00edder latinoamericano en recibir a Gonz\u00e1lez Urrutia en esta gira que busca recabar apoyos para poder asumir el poder en Venezuela el 10 de enero, cuando tiene previsto investirse presidente Nicol\u00e1s Maduro de nuevo, detalla EFE.<\/p>\n\n\n\n<p>El largo saludo a los venezolanos tuvo lugar tras una reuni\u00f3n en el interior de la Casa Rosada, sobre la que por ahora no ha trascendido informaci\u00f3n.<\/p>\n\n\n\n<p><strong>VISITA AL PRESIDENTE DE URUGUAY<\/strong><br>El dirigente opositor venezolano, Edmundo Gonz\u00e1lez Urrutia, sostuvo este s\u00e1bado un encuentro con el presidente de Uruguay, Luis Lacalle Pou, en la Residencia de Su\u00e1rez y Reyes junto al canciller de esa naci\u00f3n, Omar Paganini.<\/p>\n\n\n\n<p>Gonz\u00e1lez Urrutia anunci\u00f3 que tiene prevista \u00abuna conversaci\u00f3n\u00bb con el presidente de Estados Unidos, Joe Biden, y que viajar\u00e1 a ese pa\u00eds el domingo al terminar este s\u00e1bado la visita a Argentina y Uruguay, rese\u00f1\u00f3 Mundo UR.<\/p>\n\n\n\n<p>\u00abTenemos previsto una conversaci\u00f3n con el presidente Biden y esperamos definiciones con respecto a las nuevas autoridades\u00bb, dijo, en referencia al pr\u00f3ximo gobierno de Donald Trump, quien asume el 20 de enero.<\/p>\n\n\n\n<figure class=\"wp-block-image size-full\"><img decoding=\"async\" width=\"677\" height=\"374\" src=\"https:\/\/entretormentas.com\/wp-content\/uploads\/2025\/01\/image-31.png\" alt=\"\" class=\"wp-image-11947\" srcset=\"https:\/\/entretormentas.com\/wp-content\/uploads\/2025\/01\/image-31.png 677w, https:\/\/entretormentas.com\/wp-content\/uploads\/2025\/01\/image-31-300x166.png 300w\" sizes=\"(max-width: 677px) 100vw, 677px\" \/><\/figure>\n\n\n\n<p>Se estima que el tambi\u00e9n embajador viaje a Panam\u00e1 el d\u00eda 8 de enero y luego a Santo Domingo, en Rep\u00fablica Dominicana, el d\u00eda siguiente a fin de reunirse con los mandatarios Jos\u00e9 Ra\u00fal Mulino y Luis Abinader, respectivamente.<\/p>\n\n\n\n<p>Este viaje, que inici\u00f3 en Buenos Aires, es parte de una gira que inici\u00f3 este s\u00e1bado por varios pa\u00edses latinoamericanos, as\u00ed como tambi\u00e9n incluye a Estados Unidos, que pretende concluir el 10 de enero, fecha en la que insiste acudir al pa\u00eds.<\/p>\n\n\n\n<p>El 10 de enero es la fecha en la que debe tomar posesi\u00f3n el nuevo presidente salido de las urnas el 28 de julio de 2024, en la que el jefe de Estado, Nicol\u00e1s Maduro, prev\u00e9 juramentarse para un tercer periodo consecutivo.<br><strong><em>ET \/ EFE<\/em><\/strong><\/p>\n\n\n\n<p><\/p>\n","protected":false},"excerpt":{"rendered":"<p>ENTRE TORMENTAS. El presidente de Argentina, Javier Milei, y Edmundo Gonz\u00e1lez Urrutia salieron este s\u00e1bado&#8230;<\/p>\n","protected":false},"author":2,"featured_media":11945,"comment_status":"closed","ping_status":"open","sticky":false,"template":"","format":"standard","meta":{"footnotes":""},"categories":[56,48],"tags":[],"class_list":["post-11944","post","type-post","status-publish","format-standard","has-post-thumbnail","hentry","category-destacadas","category-internacionales"],"_links":{"self":[{"href":"https:\/\/entretormentas.com\/index.php?rest_route=\/wp\/v2\/posts\/11944","targetHints":{"allow":["GET"]}}],"collection":[{"href":"https:\/\/entretormentas.com\/index.php?rest_route=\/wp\/v2\/posts"}],"about":[{"href":"https:\/\/entretormentas.com\/index.php?rest_route=\/wp\/v2\/types\/post"}],"author":[{"embeddable":true,"href":"https:\/\/entretormentas.com\/index.php?rest_route=\/wp\/v2\/users\/2"}],"replies":[{"embeddable":true,"href":"https:\/\/entretormentas.com\/index.php?rest_route=%2Fwp%2Fv2%2Fcomments&post=11944"}],"version-history":[{"count":1,"href":"https:\/\/entretormentas.com\/index.php?rest_route=\/wp\/v2\/posts\/11944\/revisions"}],"predecessor-version":[{"id":11948,"href":"https:\/\/entretormentas.com\/index.php?rest_route=\/wp\/v2\/posts\/11944\/revisions\/11948"}],"wp:featuredmedia":[{"embeddable":true,"href":"https:\/\/entretormentas.com\/index.php?rest_route=\/wp\/v2\/media\/11945"}],"wp:attachment":[{"href":"https:\/\/entretormentas.com\/index.php?rest_route=%2Fwp%2Fv2%2Fmedia&parent=11944"}],"wp:term":[{"taxonomy":"category","embeddable":true,"href":"https:\/\/entretormentas.com\/index.php?rest_route=%2Fwp%2Fv2%2Fcategories&post=11944"},{"taxonomy":"post_tag","embeddable":true,"href":"https:\/\/entretormentas.com\/index.php?rest_route=%2Fwp%2Fv2%2Ftags&post=11944"}],"curies":[{"name":"wp","href":"https:\/\/api.w.org\/{rel}","templated":true}]}}