{"id":11955,"date":"2025-01-06T09:44:16","date_gmt":"2025-01-06T08:44:16","guid":{"rendered":"https:\/\/entretormentas.com\/?p=11955"},"modified":"2025-01-06T09:44:16","modified_gmt":"2025-01-06T08:44:16","slug":"segun-pj-daniel-ponne-asumira-la-presidencia-del-concejo-municipal-de-maracaibo","status":"publish","type":"post","link":"https:\/\/entretormentas.com\/segun-pj-daniel-ponne-asumira-la-presidencia-del-concejo-municipal-de-maracaibo\/","title":{"rendered":"\u00a1SEG\u00daN PJ! Daniel Ponne asumir\u00e1 la presidencia del Concejo Municipal de Maracaibo"},"content":{"rendered":"\n<p><strong>ENTRE TORMENTAS.<\/strong> El partido Primero Justicia Zulia emiti\u00f3 un comunicado este domingo para anunciar las figuras que asumir\u00e1n las presidencias de diversas c\u00e1maras municipales del estado, dando a conocer que el exalcalde y concejal Daniel Ponne, asumir\u00e1 las riendas del Concejo Municipal de Maracaibo.<\/p>\n\n\n\n<p>De esta manera, Ponne ser\u00e1 el sucesor de Jos\u00e9 Berm\u00fadez, quien se desempe\u00f1\u00f3 en el pasado 2024 bajo las tensiones que dej\u00f3 la detenci\u00f3n del alcalde Rafael Ram\u00edrez y parte del equipo de la Alcald\u00eda de Maracaibo.<\/p>\n\n\n\n<figure class=\"wp-block-image size-large\"><img fetchpriority=\"high\" decoding=\"async\" width=\"998\" height=\"1024\" src=\"https:\/\/entretormentas.com\/wp-content\/uploads\/2025\/01\/image-38-998x1024.png\" alt=\"\" class=\"wp-image-11958\" srcset=\"https:\/\/entretormentas.com\/wp-content\/uploads\/2025\/01\/image-38-998x1024.png 998w, https:\/\/entretormentas.com\/wp-content\/uploads\/2025\/01\/image-38-293x300.png 293w, https:\/\/entretormentas.com\/wp-content\/uploads\/2025\/01\/image-38-768x788.png 768w, https:\/\/entretormentas.com\/wp-content\/uploads\/2025\/01\/image-38-1024x1050.png 1024w, https:\/\/entretormentas.com\/wp-content\/uploads\/2025\/01\/image-38.png 1053w\" sizes=\"(max-width: 998px) 100vw, 998px\" \/><\/figure>\n\n\n\n<p>Adem\u00e1s, anunciaron qui\u00e9nes asumir\u00e1n las presidencias de las c\u00e1maras municipales en otros cinco municipios.<\/p>\n\n\n\n<p>\u201cEn Lagunillas, por el concejal Luis Mart\u00ednez; en el municipio Valmore Rodr\u00edguez, por la concejal Yuleida Aranguren; en el Municipio Baralt, por el concejal Nelson Montilla; en el Municipio Francisco Javier Pulgar, por la concejal Deiruma Rojas y en el municipio Catatumbo, por la concejal Mar\u00eda C\u00e1novas\u201d.<\/p>\n\n\n\n<figure class=\"wp-block-image size-large\"><img decoding=\"async\" width=\"1014\" height=\"1024\" src=\"https:\/\/entretormentas.com\/wp-content\/uploads\/2025\/01\/image-37-1014x1024.png\" alt=\"\" class=\"wp-image-11957\" srcset=\"https:\/\/entretormentas.com\/wp-content\/uploads\/2025\/01\/image-37-1014x1024.png 1014w, https:\/\/entretormentas.com\/wp-content\/uploads\/2025\/01\/image-37-297x300.png 297w, https:\/\/entretormentas.com\/wp-content\/uploads\/2025\/01\/image-37-150x150.png 150w, https:\/\/entretormentas.com\/wp-content\/uploads\/2025\/01\/image-37-768x776.png 768w, https:\/\/entretormentas.com\/wp-content\/uploads\/2025\/01\/image-37-1024x1035.png 1024w, https:\/\/entretormentas.com\/wp-content\/uploads\/2025\/01\/image-37.png 1069w\" sizes=\"(max-width: 1014px) 100vw, 1014px\" \/><\/figure>\n\n\n\n<p>En su comunicado, difundido en las historias de Instagram de Primer Justicia Zulia, aseguran que asumir\u00e1n \u201ccon gallard\u00eda la presidencia de varias c\u00e1maras municipales con hombres y mujeres luchadores, con la esperanza de que este a\u00f1o sea el a\u00f1o de la libertad y la democracia\u201d.<\/p>\n\n\n\n<p>\u201cCada a\u00f1o hemos renovado las directivas de los concejos municipales bajo las premisas de la democracia, alternabilidad y unidad\u201d, concluye la misiva publicada este domingo.<br><strong><em>ET \/ Versi\u00f3n Final<\/em><\/strong><\/p>\n\n\n\n<p><\/p>\n","protected":false},"excerpt":{"rendered":"<p>ENTRE TORMENTAS. El partido Primero Justicia Zulia emiti\u00f3 un comunicado este domingo para anunciar las&#8230;<\/p>\n","protected":false},"author":2,"featured_media":11956,"comment_status":"closed","ping_status":"open","sticky":false,"template":"","format":"standard","meta":{"footnotes":""},"categories":[57,1],"tags":[],"class_list":["post-11955","post","type-post","status-publish","format-standard","has-post-thumbnail","hentry","category-actualidad","category-regionales"],"_links":{"self":[{"href":"https:\/\/entretormentas.com\/index.php?rest_route=\/wp\/v2\/posts\/11955","targetHints":{"allow":["GET"]}}],"collection":[{"href":"https:\/\/entretormentas.com\/index.php?rest_route=\/wp\/v2\/posts"}],"about":[{"href":"https:\/\/entretormentas.com\/index.php?rest_route=\/wp\/v2\/types\/post"}],"author":[{"embeddable":true,"href":"https:\/\/entretormentas.com\/index.php?rest_route=\/wp\/v2\/users\/2"}],"replies":[{"embeddable":true,"href":"https:\/\/entretormentas.com\/index.php?rest_route=%2Fwp%2Fv2%2Fcomments&post=11955"}],"version-history":[{"count":1,"href":"https:\/\/entretormentas.com\/index.php?rest_route=\/wp\/v2\/posts\/11955\/revisions"}],"predecessor-version":[{"id":11959,"href":"https:\/\/entretormentas.com\/index.php?rest_route=\/wp\/v2\/posts\/11955\/revisions\/11959"}],"wp:featuredmedia":[{"embeddable":true,"href":"https:\/\/entretormentas.com\/index.php?rest_route=\/wp\/v2\/media\/11956"}],"wp:attachment":[{"href":"https:\/\/entretormentas.com\/index.php?rest_route=%2Fwp%2Fv2%2Fmedia&parent=11955"}],"wp:term":[{"taxonomy":"category","embeddable":true,"href":"https:\/\/entretormentas.com\/index.php?rest_route=%2Fwp%2Fv2%2Fcategories&post=11955"},{"taxonomy":"post_tag","embeddable":true,"href":"https:\/\/entretormentas.com\/index.php?rest_route=%2Fwp%2Fv2%2Ftags&post=11955"}],"curies":[{"name":"wp","href":"https:\/\/api.w.org\/{rel}","templated":true}]}}