{"id":11960,"date":"2025-01-06T09:53:56","date_gmt":"2025-01-06T08:53:56","guid":{"rendered":"https:\/\/entretormentas.com\/?p=11960"},"modified":"2025-01-06T09:53:56","modified_gmt":"2025-01-06T08:53:56","slug":"ratifican-a-iraida-villasmil-clezulia-juramenta-su-junta-directiva-e-inicia-nuevo-periodo-2025","status":"publish","type":"post","link":"https:\/\/entretormentas.com\/ratifican-a-iraida-villasmil-clezulia-juramenta-su-junta-directiva-e-inicia-nuevo-periodo-2025\/","title":{"rendered":"\u00a1RATIFICAN A IRAIDA VILLASMIL! Clezulia juramenta su junta directiva e inicia nuevo periodo 2025"},"content":{"rendered":"\n<p><strong>ENTRE TORMENTAS. <\/strong>D\u00e1ndole cumplimiento a lo establecido en la Constituci\u00f3n del estado Zulia, el Poder Legislativo eligi\u00f3 este domingo 5 de enero, en Sesi\u00f3n Especial, a su junta directiva correspondiente al periodo 2025, dejando de esta manera instalado el primer per\u00edodo de Sesiones Ordinarias enero &#8211; agosto del presente a\u00f1o, quedando reelegida como presidente la Dra. Iraida Josefina Villasmil, como nuevo vicepresidente el parlamentario Yover S\u00e1nchez y como secretario de c\u00e1mara Cristian Vallecillos.<\/p>\n\n\n\n<p>Durante su discurso la presidente Villasmil, manifest\u00f3 que durante el a\u00f1o se enfrentaron grandes desaf\u00edos, pero tambi\u00e9n se lograron importantes avances en beneficio de la comunidad zuliana.<\/p>\n\n\n\n<figure class=\"wp-block-image size-large\"><img fetchpriority=\"high\" decoding=\"async\" width=\"1024\" height=\"627\" src=\"https:\/\/entretormentas.com\/wp-content\/uploads\/2025\/01\/image-40-1024x627.png\" alt=\"\" class=\"wp-image-11962\" srcset=\"https:\/\/entretormentas.com\/wp-content\/uploads\/2025\/01\/image-40-1024x627.png 1024w, https:\/\/entretormentas.com\/wp-content\/uploads\/2025\/01\/image-40-300x184.png 300w, https:\/\/entretormentas.com\/wp-content\/uploads\/2025\/01\/image-40-768x470.png 768w, https:\/\/entretormentas.com\/wp-content\/uploads\/2025\/01\/image-40.png 1176w\" sizes=\"(max-width: 1024px) 100vw, 1024px\" \/><\/figure>\n\n\n\n<p>\u201cSabemos que los retos pol\u00edticos que se nos avecinan son significativos. Debemos seguir trabajando unidos, priorizando el bienestar de nuestros ciudadanos y promoviendo un di\u00e1logo constructivo que nos permita encontrar soluciones efectivas y modernas para seguir garantizando estos resultados que hemos obtenido hasta hoy\u201d, expres\u00f3 Villasmil.<\/p>\n\n\n\n<p>De igual manera, indic\u00f3 que juntos seguir\u00e1n construyendo un futuro pr\u00f3spero y sostenible, donde cada decisi\u00f3n est\u00e9 alineada con el bien com\u00fan.<\/p>\n\n\n\n<p>Por su parte, el nuevo vicepresidente del Clezulia Yover S\u00e1nchez, destac\u00f3 su compromiso de trabajar en sinton\u00eda con las necesidades de las comunidades durante este periodo legislativo.<\/p>\n\n\n\n<p><strong>GOBERNACI\u00d3N NOTIFICADA<\/strong><br>Este mismo domingo 5 de enero, el secretario de Gobierno, Juan Barboza, en representaci\u00f3n del gobernador Manuel Rosales, recibi\u00f3 a la comisi\u00f3n del Consejo Legislativo del Estado Zulia que present\u00f3, ante los representantes del Ejecutivo regional, a la nueva Junta Directiva para el per\u00edodo 2025.<\/p>\n\n\n\n<p>En el encuentro se formaliz\u00f3 que la Junta Directiva del \u00f3rgano legislativo estar\u00e1 presidida por Iraida Villasmil, de Un Nuevo Tiempo; Yover S\u00e1nchez ser\u00e1 el vicepresidente, y Cristian Valecillos, el secretario.<\/p>\n\n\n\n<p>El Secretario de Gobierno estuvo acompa\u00f1ado por el procurador del Estado, Daniel \u00c1vila; la secretaria de Cultura, Viviana M\u00e1rquez; y la presidenta de la Corporaci\u00f3n Zuliana de Turismo, Gladys Socorro. Se le dio la bienvenida a la Comisi\u00f3n y expresaron sus mejores deseos para un a\u00f1o repleto de avances en la legislaci\u00f3n regional.<\/p>\n\n\n\n<figure class=\"wp-block-image size-large\"><img decoding=\"async\" width=\"1024\" height=\"768\" src=\"https:\/\/entretormentas.com\/wp-content\/uploads\/2025\/01\/image-41-1024x768.png\" alt=\"\" class=\"wp-image-11963\" srcset=\"https:\/\/entretormentas.com\/wp-content\/uploads\/2025\/01\/image-41-1024x768.png 1024w, https:\/\/entretormentas.com\/wp-content\/uploads\/2025\/01\/image-41-300x225.png 300w, https:\/\/entretormentas.com\/wp-content\/uploads\/2025\/01\/image-41-768x576.png 768w, https:\/\/entretormentas.com\/wp-content\/uploads\/2025\/01\/image-41.png 1080w\" sizes=\"(max-width: 1024px) 100vw, 1024px\" \/><\/figure>\n\n\n\n<p>\u00abEn nombre del gobernador del Zulia, Manuel Rosales, recibimos esta notificaci\u00f3n del CLEZ sobre la nueva Junta Directiva que asumir\u00e1 funciones en 2025. Asimismo, les deseamos \u00e9xito y nuestros mejores anhelos para que contin\u00faen elaborando leyes que beneficien al estado Zulia\u00bb, subray\u00f3 Barboza.<\/p>\n\n\n\n<p>La comisi\u00f3n designada por la nueva directiva presidida por Iraida Villasmil estuvo integrada por siete legisladores: Yover S\u00e1nchez (Voluntad Popular), Otto Pi\u00f1ero (Acci\u00f3n Democr\u00e1tica), Justo Berm\u00fadez (Un Nuevo Tiempo), Yeissel P\u00e9rez (Primero Justicia), Wilmer Torres (TUPAMARO), \u00c1ngela Fern\u00e1ndez y Lisbeth Rodr\u00edguez (PSUV), en un ejercicio de amplitud y cordialidad.<br><strong><em>ET \/ Nota de Prensa<\/em><\/strong><\/p>\n\n\n\n<p><\/p>\n","protected":false},"excerpt":{"rendered":"<p>ENTRE TORMENTAS. D\u00e1ndole cumplimiento a lo establecido en la Constituci\u00f3n del estado Zulia, el Poder&#8230;<\/p>\n","protected":false},"author":2,"featured_media":11961,"comment_status":"closed","ping_status":"open","sticky":false,"template":"","format":"standard","meta":{"footnotes":""},"categories":[57,1],"tags":[],"class_list":["post-11960","post","type-post","status-publish","format-standard","has-post-thumbnail","hentry","category-actualidad","category-regionales"],"_links":{"self":[{"href":"https:\/\/entretormentas.com\/index.php?rest_route=\/wp\/v2\/posts\/11960","targetHints":{"allow":["GET"]}}],"collection":[{"href":"https:\/\/entretormentas.com\/index.php?rest_route=\/wp\/v2\/posts"}],"about":[{"href":"https:\/\/entretormentas.com\/index.php?rest_route=\/wp\/v2\/types\/post"}],"author":[{"embeddable":true,"href":"https:\/\/entretormentas.com\/index.php?rest_route=\/wp\/v2\/users\/2"}],"replies":[{"embeddable":true,"href":"https:\/\/entretormentas.com\/index.php?rest_route=%2Fwp%2Fv2%2Fcomments&post=11960"}],"version-history":[{"count":1,"href":"https:\/\/entretormentas.com\/index.php?rest_route=\/wp\/v2\/posts\/11960\/revisions"}],"predecessor-version":[{"id":11964,"href":"https:\/\/entretormentas.com\/index.php?rest_route=\/wp\/v2\/posts\/11960\/revisions\/11964"}],"wp:featuredmedia":[{"embeddable":true,"href":"https:\/\/entretormentas.com\/index.php?rest_route=\/wp\/v2\/media\/11961"}],"wp:attachment":[{"href":"https:\/\/entretormentas.com\/index.php?rest_route=%2Fwp%2Fv2%2Fmedia&parent=11960"}],"wp:term":[{"taxonomy":"category","embeddable":true,"href":"https:\/\/entretormentas.com\/index.php?rest_route=%2Fwp%2Fv2%2Fcategories&post=11960"},{"taxonomy":"post_tag","embeddable":true,"href":"https:\/\/entretormentas.com\/index.php?rest_route=%2Fwp%2Fv2%2Ftags&post=11960"}],"curies":[{"name":"wp","href":"https:\/\/api.w.org\/{rel}","templated":true}]}}