{"id":11965,"date":"2025-01-06T09:56:02","date_gmt":"2025-01-06T08:56:02","guid":{"rendered":"https:\/\/entretormentas.com\/?p=11965"},"modified":"2025-01-06T09:56:03","modified_gmt":"2025-01-06T08:56:03","slug":"en-la-rosa-san-benito-se-reencuentra-con-su-pueblo-en-cabimas-este-lunes-6-en","status":"publish","type":"post","link":"https:\/\/entretormentas.com\/en-la-rosa-san-benito-se-reencuentra-con-su-pueblo-en-cabimas-este-lunes-6-en\/","title":{"rendered":"\u00a1EN LA ROSA! San Benito se reencuentra con su pueblo en Cabimas este lunes 6-En"},"content":{"rendered":"\n<p><strong>ENTRE TORMENTAS. <\/strong>Este 6 de enero la imagen de San Benito de Palermo, copatrono de la Costa Oriental del Lago (COL), estado Zulia, vuelve a reencontrarse con su pueblo para recorrer casi 13 kil\u00f3metros hacia el sector La Rosa del municipio Cabimas.<\/p>\n\n\n\n<p>San Benito recorrer\u00e1 diversas calles junto a su pueblo dando continuidad a la celebraci\u00f3n de sus 500 a\u00f1os de nacimiento.<\/p>\n\n\n\n<p>La Santa Misa iniciar\u00e1 a las 7:00 de la ma\u00f1ana y estar\u00e1 oficiada por el padre Jorge P\u00e9rez Tobila, p\u00e1rroco de la Iglesia Nuestra Se\u00f1ora del Rosario y vicario general de la Di\u00f3cesis de Cabimas.<\/p>\n\n\n\n<p>Se estima que est\u00e9n presentes para acompa\u00f1ar al Santo Negro en la festividad unos 70 cargadores y m\u00e1s de 14 grupos de vasallos.<\/p>\n\n\n\n<p>La seguridad estar\u00e1 garantizada con la participaci\u00f3n de aproximadamente 800 funcionarios, adscritos a los diferentes cuerpos de seguridad y orden p\u00fablico.<br><strong><em>ET \/ El Regional del Zulia<\/em><\/strong><\/p>\n","protected":false},"excerpt":{"rendered":"<p>ENTRE TORMENTAS. Este 6 de enero la imagen de San Benito de Palermo, copatrono de&#8230;<\/p>\n","protected":false},"author":2,"featured_media":11966,"comment_status":"closed","ping_status":"open","sticky":false,"template":"","format":"standard","meta":{"footnotes":""},"categories":[57,1],"tags":[],"class_list":["post-11965","post","type-post","status-publish","format-standard","has-post-thumbnail","hentry","category-actualidad","category-regionales"],"_links":{"self":[{"href":"https:\/\/entretormentas.com\/index.php?rest_route=\/wp\/v2\/posts\/11965","targetHints":{"allow":["GET"]}}],"collection":[{"href":"https:\/\/entretormentas.com\/index.php?rest_route=\/wp\/v2\/posts"}],"about":[{"href":"https:\/\/entretormentas.com\/index.php?rest_route=\/wp\/v2\/types\/post"}],"author":[{"embeddable":true,"href":"https:\/\/entretormentas.com\/index.php?rest_route=\/wp\/v2\/users\/2"}],"replies":[{"embeddable":true,"href":"https:\/\/entretormentas.com\/index.php?rest_route=%2Fwp%2Fv2%2Fcomments&post=11965"}],"version-history":[{"count":1,"href":"https:\/\/entretormentas.com\/index.php?rest_route=\/wp\/v2\/posts\/11965\/revisions"}],"predecessor-version":[{"id":11967,"href":"https:\/\/entretormentas.com\/index.php?rest_route=\/wp\/v2\/posts\/11965\/revisions\/11967"}],"wp:featuredmedia":[{"embeddable":true,"href":"https:\/\/entretormentas.com\/index.php?rest_route=\/wp\/v2\/media\/11966"}],"wp:attachment":[{"href":"https:\/\/entretormentas.com\/index.php?rest_route=%2Fwp%2Fv2%2Fmedia&parent=11965"}],"wp:term":[{"taxonomy":"category","embeddable":true,"href":"https:\/\/entretormentas.com\/index.php?rest_route=%2Fwp%2Fv2%2Fcategories&post=11965"},{"taxonomy":"post_tag","embeddable":true,"href":"https:\/\/entretormentas.com\/index.php?rest_route=%2Fwp%2Fv2%2Ftags&post=11965"}],"curies":[{"name":"wp","href":"https:\/\/api.w.org\/{rel}","templated":true}]}}