{"id":11968,"date":"2025-01-06T09:58:44","date_gmt":"2025-01-06T08:58:44","guid":{"rendered":"https:\/\/entretormentas.com\/?p=11968"},"modified":"2025-01-06T09:58:45","modified_gmt":"2025-01-06T08:58:45","slug":"de-tocoron-y-tocuyito-110-presos-por-protestas-poselectorales-fueron-excarcelados","status":"publish","type":"post","link":"https:\/\/entretormentas.com\/de-tocoron-y-tocuyito-110-presos-por-protestas-poselectorales-fueron-excarcelados\/","title":{"rendered":"\u00a1DE TOCOR\u00d3N Y TOCUYITO! 110 presos por protestas poselectorales fueron excarcelados"},"content":{"rendered":"\n<p><strong>ENTRE TORMENTAS.<\/strong> El Comit\u00e9 por la Libertad de Presos Pol\u00edticos (Clipp) inform\u00f3 este domingo 5 de enero que durante la noche del s\u00e1bado 4 se reportaron un total de 110 excarcelaciones de los penales en Tocuyito, del estado Carabobo, y Tocor\u00f3n, en Aragua; que corresponde a detenidos tras las protestas poselectorales.<\/p>\n\n\n\n<p>Seg\u00fan el Clipp, al menos 95 personas en Tocuyito recibieron medidas cautelares que sustituyen la privaci\u00f3n de libertad, mientras que en Tocor\u00f3n solo sali\u00f3 un grupo de 15 personas. En ese sentido, los familiares esperan que se concreten las excarcelaciones que restan y adelanta que en las pr\u00f3ximas horas pueden producirse m\u00e1s.<\/p>\n\n\n\n<p>De igual forma, advirti\u00f3 que hay un sentimiento creciente de angustia por parte de los familiares que tienen a sus seres queridos en comisar\u00edas y comandos de las fuerzas de seguridad del Estado, porque sienten que se les est\u00e1 invisibilizando. Tampoco, dijo, se evidencia la excarcelaci\u00f3n de dirigentes pol\u00edticos y militares detenidos antes de las elecciones.<\/p>\n\n\n\n<p>No se aclara cu\u00e1ntos hombres y cu\u00e1ntas mujeres fueron beneficiados. Se suma a los excarcelados, de acuerdo con la ONG Fundehullan, el joven Robert Rico; quien tiene una condici\u00f3n dentro del Trastorno del Espectro Autista y que estaba preso.<\/p>\n\n\n\n<p>Hasta el 30 de diciembre, el Ministerio P\u00fablico inform\u00f3 que se han \u00abejecutado mil 369 excarcelaciones\u00bb vinculadas a las protestas poselectorales del pasado 28 de julio.<br><strong><em>ET \/ Agencias<\/em><\/strong><\/p>\n\n\n\n<p><\/p>\n","protected":false},"excerpt":{"rendered":"<p>ENTRE TORMENTAS. El Comit\u00e9 por la Libertad de Presos Pol\u00edticos (Clipp) inform\u00f3 este domingo 5&#8230;<\/p>\n","protected":false},"author":2,"featured_media":11969,"comment_status":"closed","ping_status":"open","sticky":false,"template":"","format":"standard","meta":{"footnotes":""},"categories":[56,49],"tags":[],"class_list":["post-11968","post","type-post","status-publish","format-standard","has-post-thumbnail","hentry","category-destacadas","category-nacionales"],"_links":{"self":[{"href":"https:\/\/entretormentas.com\/index.php?rest_route=\/wp\/v2\/posts\/11968","targetHints":{"allow":["GET"]}}],"collection":[{"href":"https:\/\/entretormentas.com\/index.php?rest_route=\/wp\/v2\/posts"}],"about":[{"href":"https:\/\/entretormentas.com\/index.php?rest_route=\/wp\/v2\/types\/post"}],"author":[{"embeddable":true,"href":"https:\/\/entretormentas.com\/index.php?rest_route=\/wp\/v2\/users\/2"}],"replies":[{"embeddable":true,"href":"https:\/\/entretormentas.com\/index.php?rest_route=%2Fwp%2Fv2%2Fcomments&post=11968"}],"version-history":[{"count":1,"href":"https:\/\/entretormentas.com\/index.php?rest_route=\/wp\/v2\/posts\/11968\/revisions"}],"predecessor-version":[{"id":11970,"href":"https:\/\/entretormentas.com\/index.php?rest_route=\/wp\/v2\/posts\/11968\/revisions\/11970"}],"wp:featuredmedia":[{"embeddable":true,"href":"https:\/\/entretormentas.com\/index.php?rest_route=\/wp\/v2\/media\/11969"}],"wp:attachment":[{"href":"https:\/\/entretormentas.com\/index.php?rest_route=%2Fwp%2Fv2%2Fmedia&parent=11968"}],"wp:term":[{"taxonomy":"category","embeddable":true,"href":"https:\/\/entretormentas.com\/index.php?rest_route=%2Fwp%2Fv2%2Fcategories&post=11968"},{"taxonomy":"post_tag","embeddable":true,"href":"https:\/\/entretormentas.com\/index.php?rest_route=%2Fwp%2Fv2%2Ftags&post=11968"}],"curies":[{"name":"wp","href":"https:\/\/api.w.org\/{rel}","templated":true}]}}