{"id":11971,"date":"2025-01-06T10:00:32","date_gmt":"2025-01-06T09:00:32","guid":{"rendered":"https:\/\/entretormentas.com\/?p=11971"},"modified":"2025-01-06T10:00:32","modified_gmt":"2025-01-06T09:00:32","slug":"a-la-calle-de-nuevo-maria-corina-machado-convoca-manifestaciones-para-este-9-en","status":"publish","type":"post","link":"https:\/\/entretormentas.com\/a-la-calle-de-nuevo-maria-corina-machado-convoca-manifestaciones-para-este-9-en\/","title":{"rendered":"\u00a1A LA CALLE DE NUEVO! Mar\u00eda Corina Machado convoca manifestaciones para este 9-En"},"content":{"rendered":"\n<p><strong>ENTRE TORMENTAS. <\/strong>La l\u00edder opositora Mar\u00eda Corina Machado convoc\u00f3 este domingo a los venezolanos a salir a las calles con manifestaciones el pr\u00f3ximo jueves 9 de enero en todo el pa\u00eds, para lograr que Edmundo Gonz\u00e1lez Urrutia se juramente como el nuevo presidente de Venezuela.<\/p>\n\n\n\n<p>Mientras, la dirigente Mar\u00eda Corina Machado convoca a manifestaciones, el gobierno nacional a trav\u00e9s de los diferentes organismos de seguridad advirti\u00f3 que no permitir\u00e1 actos de desestabilizaci\u00f3n en el pa\u00eds, al tiempo que gir\u00f3 instrucciones de poner presos al excandidato Edmundo Gonz\u00e1lez y a Machado si insisten en venir al pa\u00eds a crear violencia y caos.<br><strong><em>ET \/ Monitoreamos<\/em><\/strong><\/p>\n\n\n\n<p><\/p>\n","protected":false},"excerpt":{"rendered":"<p>ENTRE TORMENTAS. La l\u00edder opositora Mar\u00eda Corina Machado convoc\u00f3 este domingo a los venezolanos a&#8230;<\/p>\n","protected":false},"author":2,"featured_media":11972,"comment_status":"closed","ping_status":"open","sticky":false,"template":"","format":"standard","meta":{"footnotes":""},"categories":[56,49],"tags":[],"class_list":["post-11971","post","type-post","status-publish","format-standard","has-post-thumbnail","hentry","category-destacadas","category-nacionales"],"_links":{"self":[{"href":"https:\/\/entretormentas.com\/index.php?rest_route=\/wp\/v2\/posts\/11971","targetHints":{"allow":["GET"]}}],"collection":[{"href":"https:\/\/entretormentas.com\/index.php?rest_route=\/wp\/v2\/posts"}],"about":[{"href":"https:\/\/entretormentas.com\/index.php?rest_route=\/wp\/v2\/types\/post"}],"author":[{"embeddable":true,"href":"https:\/\/entretormentas.com\/index.php?rest_route=\/wp\/v2\/users\/2"}],"replies":[{"embeddable":true,"href":"https:\/\/entretormentas.com\/index.php?rest_route=%2Fwp%2Fv2%2Fcomments&post=11971"}],"version-history":[{"count":1,"href":"https:\/\/entretormentas.com\/index.php?rest_route=\/wp\/v2\/posts\/11971\/revisions"}],"predecessor-version":[{"id":11973,"href":"https:\/\/entretormentas.com\/index.php?rest_route=\/wp\/v2\/posts\/11971\/revisions\/11973"}],"wp:featuredmedia":[{"embeddable":true,"href":"https:\/\/entretormentas.com\/index.php?rest_route=\/wp\/v2\/media\/11972"}],"wp:attachment":[{"href":"https:\/\/entretormentas.com\/index.php?rest_route=%2Fwp%2Fv2%2Fmedia&parent=11971"}],"wp:term":[{"taxonomy":"category","embeddable":true,"href":"https:\/\/entretormentas.com\/index.php?rest_route=%2Fwp%2Fv2%2Fcategories&post=11971"},{"taxonomy":"post_tag","embeddable":true,"href":"https:\/\/entretormentas.com\/index.php?rest_route=%2Fwp%2Fv2%2Ftags&post=11971"}],"curies":[{"name":"wp","href":"https:\/\/api.w.org\/{rel}","templated":true}]}}