{"id":11974,"date":"2025-01-06T10:02:34","date_gmt":"2025-01-06T09:02:34","guid":{"rendered":"https:\/\/entretormentas.com\/?p=11974"},"modified":"2025-01-06T10:02:34","modified_gmt":"2025-01-06T09:02:34","slug":"nuevo-periodo-ratificado-jorge-rodriguez-y-demas-autoridades-de-la-asamblea-nacional","status":"publish","type":"post","link":"https:\/\/entretormentas.com\/nuevo-periodo-ratificado-jorge-rodriguez-y-demas-autoridades-de-la-asamblea-nacional\/","title":{"rendered":"\u00a1NUEVO PER\u00cdODO! Ratificado Jorge Rodr\u00edguez y dem\u00e1s autoridades de la Asamblea Nacional"},"content":{"rendered":"\n<p><strong>ENTRE TORMENTAS. <\/strong>Durante el acto de instalaci\u00f3n de la Asamblea Nacional (AN) para el periodo en 2025-2026, donde se da cumplimiento al art\u00edculo 219 de la Constituci\u00f3n de la Rep\u00fablica Bolivariana de Venezuela, que establece que el primer per\u00edodo de las sesiones ordinarias del poder legislativo comenzar\u00e1, sin convocatoria previa, \u00abel cinco de enero de cada a\u00f1o o el d\u00eda posterior m\u00e1s inmediato posible y durar\u00e1 hasta el quince de agosto\u00bb, fueron ratificadas las autoridades que presidir\u00e1n el hemiciclo en este nuevo a\u00f1o.<\/p>\n\n\n\n<p>El parlamento queda presidido nuevamente por el diputado y doctor Jorge Rodr\u00edguez G\u00f3mez; el primer vicepresidente Pedro Infante; y la segunda vicepresidenta, la diputada Am\u00e9rica P\u00e9rez, por un a\u00f1o m\u00e1s en defensa de las leyes y reglamentos de Venezuela, la construcci\u00f3n de un nuevo estado social, pol\u00edtico y econ\u00f3mico, la preservaci\u00f3n de la paz y el derecho de los pueblos.<\/p>\n\n\n\n<p>Asimismo, fueron reafirmados en los cargos de secretar\u00eda y subsecretar\u00eda los ciudadanos Mar\u00eda Alejandra Hern\u00e1ndez Aldana y Jos\u00e9 Omar Molina Palencia para ejercer la funci\u00f3n de acompa\u00f1ar a los diputados y las diputadas en el cumplimiento del buen funcionamiento de las leyes venezolanas junto al pueblo.<\/p>\n\n\n\n<p>La postulaci\u00f3n estuvo a cargo de la diputada Tania D\u00edaz, en la que expres\u00f3 que este 2024 es \u00abun a\u00f1o de construcci\u00f3n, un a\u00f1o de consolidaci\u00f3n. Nosotros tenemos una gran responsabilidad esta Asamblea Nacional porque el pr\u00f3ximo 10 de enero, en este recinto, tenemos nuevamente que ganar en Venezuela otro cap\u00edtulo de la historia\u00bb.<\/p>\n\n\n\n<p>D\u00edaz, afirm\u00f3 que el pr\u00f3ximo 10 de enero la AN recibir\u00e1 \u00abal conductor de victorias, al l\u00edder continental que hoy por hoy tiene la valent\u00eda de pararse frente al mundo y llevar a Venezuela donde le corresponde, a la vanguardia de las luchas de los pueblos frente al fascismo, frente a la ignominia, frente al odio, frente a la violencia\u00bb.<\/p>\n\n\n\n<p>Por su parte, el representante del Bloque de la Patria, Ricardo Molina, en su intervenci\u00f3n para la postulaci\u00f3n de la secretar\u00eda destac\u00f3 que el pueblo bolivariano est\u00e1 listo \u00abpara lo que venga, donde venga, cuando venga y con quien venga, para continuar defendiendo y construyendo la revoluci\u00f3n bolivariana\u00bb, porque cada acto de beneficio para Venezuela hace \u00abinexpugnable nuestra revoluci\u00f3n\u00bb y enfatiza la firmeza y lealtad hacia los principios democr\u00e1ticos y el amor por Venezuela, adem\u00e1s afirma que este amor impulsar\u00e1 un cambio positivo en el pa\u00eds, \u00aberradicando la violencia y el odio, y construyendo un futuro mejor para todos\u00bb.<\/p>\n\n\n\n<p>El reglamento de Interior y Debate establece la instalaci\u00f3n en los art\u00edculos 6, 7, 8, 9 y 10 del reglamento. En el lapso del 2024, el Parlamento Nacional experiment\u00f3 una etapa con notables resultados en la que se aprobaron 17 leyes en el 2024, para una suma total de 90 leyes durante el periodo 2020-2024, en las que el 70% de estas leyes sancionadas se destin\u00f3 a favorecer al pueblo venezolano.<br><strong><em>ET \/ VTV<\/em><\/strong><\/p>\n","protected":false},"excerpt":{"rendered":"<p>ENTRE TORMENTAS. Durante el acto de instalaci\u00f3n de la Asamblea Nacional (AN) para el periodo&#8230;<\/p>\n","protected":false},"author":2,"featured_media":11975,"comment_status":"closed","ping_status":"open","sticky":false,"template":"","format":"standard","meta":{"footnotes":""},"categories":[56,49],"tags":[],"class_list":["post-11974","post","type-post","status-publish","format-standard","has-post-thumbnail","hentry","category-destacadas","category-nacionales"],"_links":{"self":[{"href":"https:\/\/entretormentas.com\/index.php?rest_route=\/wp\/v2\/posts\/11974","targetHints":{"allow":["GET"]}}],"collection":[{"href":"https:\/\/entretormentas.com\/index.php?rest_route=\/wp\/v2\/posts"}],"about":[{"href":"https:\/\/entretormentas.com\/index.php?rest_route=\/wp\/v2\/types\/post"}],"author":[{"embeddable":true,"href":"https:\/\/entretormentas.com\/index.php?rest_route=\/wp\/v2\/users\/2"}],"replies":[{"embeddable":true,"href":"https:\/\/entretormentas.com\/index.php?rest_route=%2Fwp%2Fv2%2Fcomments&post=11974"}],"version-history":[{"count":1,"href":"https:\/\/entretormentas.com\/index.php?rest_route=\/wp\/v2\/posts\/11974\/revisions"}],"predecessor-version":[{"id":11976,"href":"https:\/\/entretormentas.com\/index.php?rest_route=\/wp\/v2\/posts\/11974\/revisions\/11976"}],"wp:featuredmedia":[{"embeddable":true,"href":"https:\/\/entretormentas.com\/index.php?rest_route=\/wp\/v2\/media\/11975"}],"wp:attachment":[{"href":"https:\/\/entretormentas.com\/index.php?rest_route=%2Fwp%2Fv2%2Fmedia&parent=11974"}],"wp:term":[{"taxonomy":"category","embeddable":true,"href":"https:\/\/entretormentas.com\/index.php?rest_route=%2Fwp%2Fv2%2Fcategories&post=11974"},{"taxonomy":"post_tag","embeddable":true,"href":"https:\/\/entretormentas.com\/index.php?rest_route=%2Fwp%2Fv2%2Ftags&post=11974"}],"curies":[{"name":"wp","href":"https:\/\/api.w.org\/{rel}","templated":true}]}}