{"id":11992,"date":"2025-01-07T07:44:41","date_gmt":"2025-01-07T06:44:41","guid":{"rendered":"https:\/\/entretormentas.com\/?p=11992"},"modified":"2025-01-07T07:44:42","modified_gmt":"2025-01-07T06:44:42","slug":"en-la-calle-alcaldia-de-maracaibo-despliega-casi-mil-jornadas-sociales-durante-2024","status":"publish","type":"post","link":"https:\/\/entretormentas.com\/en-la-calle-alcaldia-de-maracaibo-despliega-casi-mil-jornadas-sociales-durante-2024\/","title":{"rendered":"\u00a1EN LA CALLE! Alcald\u00eda de Maracaibo despliega casi mil jornadas sociales durante 2024"},"content":{"rendered":"\n<p><strong>ENTRE TORMENTAS. <\/strong>La Alcald\u00eda de Maracaibo, a trav\u00e9s de la Direcci\u00f3n General de Desarrollo Social, realiz\u00f3 961 jornadas sociales en 2024, una iniciativa con la que brind\u00f3 apoyo constante y significativo a los ciudadanos marabinos. Este despliegue refleja el compromiso de la administraci\u00f3n municipal de mejorar la calidad de vida de sus habitantes y promover un desarrollo integral en la ciudad.<\/p>\n\n\n\n<p>Sara Fern\u00e1ndez, directora general de Desarrollo Social, indic\u00f3 que desde el inici\u00f3 de la gesti\u00f3n en 2021 se trabaja incansablemente para implementar programas y actividades que aborden las necesidades m\u00e1s apremiantes de la comunidad.<\/p>\n\n\n\n<p>Explic\u00f3 que las jornadas sociales abarcan una amplia gama de servicios y beneficios, incluyendo atenci\u00f3n m\u00e9dica, asesor\u00eda legal, actividades recreativas, y programas educativos, entre otros.<\/p>\n\n\n\n<figure class=\"wp-block-image size-large\"><img fetchpriority=\"high\" decoding=\"async\" width=\"1024\" height=\"684\" src=\"https:\/\/entretormentas.com\/wp-content\/uploads\/2025\/01\/image-56-1024x684.png\" alt=\"\" class=\"wp-image-11994\" srcset=\"https:\/\/entretormentas.com\/wp-content\/uploads\/2025\/01\/image-56-1024x684.png 1024w, https:\/\/entretormentas.com\/wp-content\/uploads\/2025\/01\/image-56-300x200.png 300w, https:\/\/entretormentas.com\/wp-content\/uploads\/2025\/01\/image-56-768x513.png 768w, https:\/\/entretormentas.com\/wp-content\/uploads\/2025\/01\/image-56.png 1280w\" sizes=\"(max-width: 1024px) 100vw, 1024px\" \/><\/figure>\n\n\n\n<p><strong>IMPACTO POSITIVO<\/strong><br>La ejecuci\u00f3n de estas jornadas sociales tiene un impacto profundo y positivo en la vida de miles de marabinos. Gracias a estas iniciativas, las familias recibieron atenci\u00f3n m\u00e9dica gratuita, lo que ha contribuido a mejorar la salud y el bienestar general de la poblaci\u00f3n; especialmente aquellos en situaci\u00f3n de vulnerabilidad.<\/p>\n\n\n\n<p>Las jornadas sociales no solo brindaron atenci\u00f3n social inmediata, sino que tambi\u00e9n son \u201cfundamentales para fomentar la inclusi\u00f3n y la equidad en nuestra ciudad\u201d, puntualiz\u00f3 la Directora.<\/p>\n\n\n\n<p>Asimismo, resalt\u00f3 el trabajo por implementar el desarrollo de pol\u00edticas p\u00fablicas que atiendan las necesidades espec\u00edficas de los grupos m\u00e1s vulnerables. \u201cNos aseguramos de que cada persona tenga acceso a los recursos y a las oportunidades que merece\u201d, enfatiz\u00f3.<\/p>\n\n\n\n<p>Fern\u00e1ndez aprovech\u00f3 para mencionar que Desarrollo Social con sus programas pilotos Sue\u00f1o sobre ruedas y Ver para aprender, benefici\u00f3 durante el a\u00f1o 2024 a m\u00e1s de 500 personas.<\/p>\n\n\n\n<figure class=\"wp-block-image size-large\"><img decoding=\"async\" width=\"1024\" height=\"768\" src=\"https:\/\/entretormentas.com\/wp-content\/uploads\/2025\/01\/image-57-1024x768.png\" alt=\"\" class=\"wp-image-11995\" srcset=\"https:\/\/entretormentas.com\/wp-content\/uploads\/2025\/01\/image-57-1024x768.png 1024w, https:\/\/entretormentas.com\/wp-content\/uploads\/2025\/01\/image-57-300x225.png 300w, https:\/\/entretormentas.com\/wp-content\/uploads\/2025\/01\/image-57-768x576.png 768w, https:\/\/entretormentas.com\/wp-content\/uploads\/2025\/01\/image-57.png 1280w\" sizes=\"(max-width: 1024px) 100vw, 1024px\" \/><\/figure>\n\n\n\n<p>Confirm\u00f3 que, para 2025 Alcald\u00eda de Maracaibo reafirma su compromiso de continuar trabajando arduamente en pro del bienestar de todos los marabinos.<\/p>\n\n\n\n<p>Fern\u00e1ndez destac\u00f3 que las jornadas sociales que se realizaron en 2024 son solo el comienzo; ya que estiman que para 2025 se redoblar\u00e1n los esfuerzos para llegar a m\u00e1s comunidades.<\/p>\n\n\n\n<p><strong>LA VOZ DE LOS BENEFICIADOS<\/strong><br>\u201cGracias a las jornadas sociales, he podido recibir atenci\u00f3n m\u00e9dica para mis hijos sin costo alguno. Agradezco infinitamente el apoyo de la Alcald\u00eda de Maracaibo\u201d, indic\u00f3 Ana Negrette, de 48 a\u00f1os.<\/p>\n\n\n\n<p>Mario Le\u00f3n, de 60 a\u00f1os, explic\u00f3 que a trav\u00e9s de las jornadas sociales pudo acceder una asesor\u00eda legal que necesitaba. \u201cSin esta ayuda, no habr\u00eda sabido c\u00f3mo proceder. Estoy muy agradecido por el apoyo que he recibido\u201d.<br><strong><em>ET \/ DCI Alcald\u00eda de Maracaibo<\/em><\/strong><\/p>\n\n\n\n<p><\/p>\n","protected":false},"excerpt":{"rendered":"<p>ENTRE TORMENTAS. La Alcald\u00eda de Maracaibo, a trav\u00e9s de la Direcci\u00f3n General de Desarrollo Social,&#8230;<\/p>\n","protected":false},"author":2,"featured_media":11993,"comment_status":"closed","ping_status":"open","sticky":false,"template":"","format":"standard","meta":{"footnotes":""},"categories":[57,1],"tags":[],"class_list":["post-11992","post","type-post","status-publish","format-standard","has-post-thumbnail","hentry","category-actualidad","category-regionales"],"_links":{"self":[{"href":"https:\/\/entretormentas.com\/index.php?rest_route=\/wp\/v2\/posts\/11992","targetHints":{"allow":["GET"]}}],"collection":[{"href":"https:\/\/entretormentas.com\/index.php?rest_route=\/wp\/v2\/posts"}],"about":[{"href":"https:\/\/entretormentas.com\/index.php?rest_route=\/wp\/v2\/types\/post"}],"author":[{"embeddable":true,"href":"https:\/\/entretormentas.com\/index.php?rest_route=\/wp\/v2\/users\/2"}],"replies":[{"embeddable":true,"href":"https:\/\/entretormentas.com\/index.php?rest_route=%2Fwp%2Fv2%2Fcomments&post=11992"}],"version-history":[{"count":1,"href":"https:\/\/entretormentas.com\/index.php?rest_route=\/wp\/v2\/posts\/11992\/revisions"}],"predecessor-version":[{"id":11996,"href":"https:\/\/entretormentas.com\/index.php?rest_route=\/wp\/v2\/posts\/11992\/revisions\/11996"}],"wp:featuredmedia":[{"embeddable":true,"href":"https:\/\/entretormentas.com\/index.php?rest_route=\/wp\/v2\/media\/11993"}],"wp:attachment":[{"href":"https:\/\/entretormentas.com\/index.php?rest_route=%2Fwp%2Fv2%2Fmedia&parent=11992"}],"wp:term":[{"taxonomy":"category","embeddable":true,"href":"https:\/\/entretormentas.com\/index.php?rest_route=%2Fwp%2Fv2%2Fcategories&post=11992"},{"taxonomy":"post_tag","embeddable":true,"href":"https:\/\/entretormentas.com\/index.php?rest_route=%2Fwp%2Fv2%2Ftags&post=11992"}],"curies":[{"name":"wp","href":"https:\/\/api.w.org\/{rel}","templated":true}]}}