{"id":11997,"date":"2025-01-07T07:48:59","date_gmt":"2025-01-07T06:48:59","guid":{"rendered":"https:\/\/entretormentas.com\/?p=11997"},"modified":"2025-01-07T07:48:59","modified_gmt":"2025-01-07T06:48:59","slug":"alcaldia-surena-activa-imsasur-reinicia-actividades-y-consultas-este-7-de-enero","status":"publish","type":"post","link":"https:\/\/entretormentas.com\/alcaldia-surena-activa-imsasur-reinicia-actividades-y-consultas-este-7-de-enero\/","title":{"rendered":"\u00a1ALCALD\u00cdA SURE\u00d1A ACTIVA! Imsasur reinicia actividades y consultas este 7 de enero"},"content":{"rendered":"\n<p><strong>ENTRE TORMENTAS. <\/strong>D\u00e1ndole continuidad a la gesti\u00f3n del alcalde Gustavo Fern\u00e1ndez en el sector salud en este 2025, la alcald\u00eda de San Francisco, este martes 7 de enero, retomar\u00e1 sus actividades administrativas y los servicios de consultas especializadas, en el Instituto P\u00fablico Municipal de la Salud (Imsasur), dirigida a todos los usuarios del municipio San Francisco.<\/p>\n\n\n\n<p>El Dr. Juan Carlos Rangel, presidente de Imsasur, indic\u00f3 que en este nuevo a\u00f1o, desean prestar el mejor de los servicios m\u00e9dicos a los ni\u00f1os, j\u00f3venes, y adultos mayores que as\u00ed lo requieran. \u00abTenemos instrucciones precisas de nuestro alcalde, para comenzar con la mejor disposici\u00f3n, desde nuestros centros de salud para todos los ciudadanos que necesitan atenci\u00f3n gratuita de calidad\u00bb.<\/p>\n\n\n\n<figure class=\"wp-block-image size-large\"><img fetchpriority=\"high\" decoding=\"async\" width=\"1024\" height=\"768\" src=\"https:\/\/entretormentas.com\/wp-content\/uploads\/2025\/01\/image-59-1024x768.png\" alt=\"\" class=\"wp-image-11999\" srcset=\"https:\/\/entretormentas.com\/wp-content\/uploads\/2025\/01\/image-59-1024x768.png 1024w, https:\/\/entretormentas.com\/wp-content\/uploads\/2025\/01\/image-59-300x225.png 300w, https:\/\/entretormentas.com\/wp-content\/uploads\/2025\/01\/image-59-768x576.png 768w, https:\/\/entretormentas.com\/wp-content\/uploads\/2025\/01\/image-59-1536x1152.png 1536w, https:\/\/entretormentas.com\/wp-content\/uploads\/2025\/01\/image-59-2048x1536.png 2048w\" sizes=\"(max-width: 1024px) 100vw, 1024px\" \/><\/figure>\n\n\n\n<p>Adem\u00e1s, Rangel, inform\u00f3 que los laboratorios se encuentran totalmente operativos tanto en la sede de Imsasur como en el ambulatorio de El Bajo, el cual se encuentra activo las 24 horas del d\u00eda en el \u00e1rea de emergencia. \u00abLas casitas de salud ubicadas en las siete parroquias, tambi\u00e9n retomar\u00e1n actividades, en conjunto con el servicio que prestan las ambulancias que tenemos disponibles en el municipio\u00bb, asegur\u00f3 Rangel.<\/p>\n\n\n\n<p><strong>SISMESUR ACTIVO<\/strong><br>Las atenciones m\u00e9dicas de Imsasur, son complementadas con el Sistema M\u00e9dico de Emergencias del Sur (Sismesur), durante las 24 horas del d\u00eda, el cu\u00e1l se mantiene activo los 365 d\u00edas del a\u00f1o. Es importante recordar que para el 2024 se beneficiaron desde este servicio, a m\u00e1s de 1.800 pacientes entre ni\u00f1os y adultos con atenci\u00f3n pre-hospitalaria, interhospitalaria, atenci\u00f3n en el sitio y traslados con las ambulancias.<\/p>\n\n\n\n<figure class=\"wp-block-image size-large\"><img decoding=\"async\" width=\"1024\" height=\"768\" src=\"https:\/\/entretormentas.com\/wp-content\/uploads\/2025\/01\/image-60-1024x768.png\" alt=\"\" class=\"wp-image-12000\" srcset=\"https:\/\/entretormentas.com\/wp-content\/uploads\/2025\/01\/image-60-1024x768.png 1024w, https:\/\/entretormentas.com\/wp-content\/uploads\/2025\/01\/image-60-300x225.png 300w, https:\/\/entretormentas.com\/wp-content\/uploads\/2025\/01\/image-60-768x576.png 768w, https:\/\/entretormentas.com\/wp-content\/uploads\/2025\/01\/image-60-1536x1152.png 1536w, https:\/\/entretormentas.com\/wp-content\/uploads\/2025\/01\/image-60-2048x1536.png 2048w\" sizes=\"(max-width: 1024px) 100vw, 1024px\" \/><\/figure>\n\n\n\n<p>Para mayor informaci\u00f3n sobre consultas y servicios m\u00e9dicos, los usuarios pueden acercarse a la sede de Imsasur, ubicada en la Av. 25 al lado del Cicpc, en un horario comprendido entre 8:00am y 4:00pm, de igual forma, para comunicarse con la central de emergencias de Sismesur, pueden contactar la l\u00ednea telef\u00f3nica 0412-6027700 disponible 24 horas. \u00a1En la gesti\u00f3n del alcalde Gustavo Hern\u00e1ndez la salud es lo primero!.<br><strong><em>ET \/ Alcald\u00eda de San Francisco<\/em><\/strong><\/p>\n","protected":false},"excerpt":{"rendered":"<p>ENTRE TORMENTAS. D\u00e1ndole continuidad a la gesti\u00f3n del alcalde Gustavo Fern\u00e1ndez en el sector salud&#8230;<\/p>\n","protected":false},"author":2,"featured_media":11998,"comment_status":"closed","ping_status":"open","sticky":false,"template":"","format":"standard","meta":{"footnotes":""},"categories":[57,1],"tags":[],"class_list":["post-11997","post","type-post","status-publish","format-standard","has-post-thumbnail","hentry","category-actualidad","category-regionales"],"_links":{"self":[{"href":"https:\/\/entretormentas.com\/index.php?rest_route=\/wp\/v2\/posts\/11997","targetHints":{"allow":["GET"]}}],"collection":[{"href":"https:\/\/entretormentas.com\/index.php?rest_route=\/wp\/v2\/posts"}],"about":[{"href":"https:\/\/entretormentas.com\/index.php?rest_route=\/wp\/v2\/types\/post"}],"author":[{"embeddable":true,"href":"https:\/\/entretormentas.com\/index.php?rest_route=\/wp\/v2\/users\/2"}],"replies":[{"embeddable":true,"href":"https:\/\/entretormentas.com\/index.php?rest_route=%2Fwp%2Fv2%2Fcomments&post=11997"}],"version-history":[{"count":1,"href":"https:\/\/entretormentas.com\/index.php?rest_route=\/wp\/v2\/posts\/11997\/revisions"}],"predecessor-version":[{"id":12001,"href":"https:\/\/entretormentas.com\/index.php?rest_route=\/wp\/v2\/posts\/11997\/revisions\/12001"}],"wp:featuredmedia":[{"embeddable":true,"href":"https:\/\/entretormentas.com\/index.php?rest_route=\/wp\/v2\/media\/11998"}],"wp:attachment":[{"href":"https:\/\/entretormentas.com\/index.php?rest_route=%2Fwp%2Fv2%2Fmedia&parent=11997"}],"wp:term":[{"taxonomy":"category","embeddable":true,"href":"https:\/\/entretormentas.com\/index.php?rest_route=%2Fwp%2Fv2%2Fcategories&post=11997"},{"taxonomy":"post_tag","embeddable":true,"href":"https:\/\/entretormentas.com\/index.php?rest_route=%2Fwp%2Fv2%2Ftags&post=11997"}],"curies":[{"name":"wp","href":"https:\/\/api.w.org\/{rel}","templated":true}]}}