{"id":12013,"date":"2025-01-07T07:59:15","date_gmt":"2025-01-07T06:59:15","guid":{"rendered":"https:\/\/entretormentas.com\/?p=12013"},"modified":"2025-01-07T07:59:16","modified_gmt":"2025-01-07T06:59:16","slug":"vicepresidenta-del-mas-despliegue-militar-y-policial-en-venezuela-es-inedito","status":"publish","type":"post","link":"https:\/\/entretormentas.com\/vicepresidenta-del-mas-despliegue-militar-y-policial-en-venezuela-es-inedito\/","title":{"rendered":"VICEPRESIDENTA DEL MAS: \u00abDespliegue militar y policial en Venezuela es in\u00e9dito\u00bb"},"content":{"rendered":"\n<p><strong>ENTRE TORMENTAS. <\/strong>La vicepresidenta del MAS, Mar\u00eda Verdeal, manifest\u00f3 su inquietud por la intensificaci\u00f3n del despliegue militar y policial en las calles, de cara al 10 de enero, calificando de desmedidas estas pr\u00e1cticas de control y como algo nunca visto en el pa\u00eds.<\/p>\n\n\n\n<p>\u00abVimos c\u00f3mo requisan los veh\u00edculos que ingresan a Caracas desde la autopista regional del centro y desde la v\u00eda Guatire-Guarenas\u00bb.<\/p>\n\n\n\n<p>Se\u00f1al\u00f3 que tal escenario incrementa el estado de incertidumbre y de zozobra, as\u00ed como de las expectativas sobre lo que ocurrir\u00e1 el viernes 10 de enero, cuando en \u00abcondiciones normales\u00bb, el venezolano no deber\u00eda estar sometido a un clima de tensi\u00f3n y amenazas.<\/p>\n\n\n\n<p>Aclar\u00f3 la dirigente pol\u00edtica que Venezuela no se acaba el 10 de enero puesto que el foco debemos ponerlo en los d\u00edas subsiguientes, los cuales marcar\u00e1n el destino del pa\u00eds.<\/p>\n\n\n\n<p>Asegur\u00f3 que tanto la gobernabilidad de la naci\u00f3n, as\u00ed como la precaria situaci\u00f3n econ\u00f3mica y social de los venezolanos seguir\u00e1 afectada en 2025, dada la inestabilidad pol\u00edtica y la confrontaci\u00f3n que podr\u00eda surgir en los d\u00edas venideros debido a la actuaci\u00f3n de los bloques que tienen diferente l\u00ednea de pensamiento.<\/p>\n\n\n\n<p>\u201cHasta ahora, lo \u00fanico que ha hecho el gobierno es mantenerse en el poder pero sin gobernar, porque no ha atendido ni resuelto los problemas econ\u00f3micos y sociales como la contrataci\u00f3n colectiva y los salarios de los trabajadores, entre muchos m\u00e1s\u00bb.<\/p>\n\n\n\n<p>Con respecto a la manifestaci\u00f3n que convoc\u00f3 Mar\u00eda Corina Machado para el 9 de enero, Verdeal aclar\u00f3 que la protesta pac\u00edfica est\u00e1 consagrada en la Constituci\u00f3n Nacional y que el Estado debe garantizar los derechos humanos a quienes participan en actos de calle.<\/p>\n\n\n\n<p>Verdeal hizo un llamado es a la reflexi\u00f3n y a evitar el uso desproporcionado de la fuerza por parte de quienes tienen el monopolio de las armas. \u00abEs alarmante un enfrentamiento entre venezolanos\u00bb.<\/p>\n\n\n\n<p>\u201cVenezuela est\u00e1 agotada de esta confrontaci\u00f3n pol\u00edtica que la ha paralizado y que no le ha permitido avanzar; pero tampoco se puede decretarse la paz con el garrote en mano\u00bb.<\/p>\n\n\n\n<p>Reiter\u00f3 que la conflictividad pol\u00edtica se resuelve con negociaci\u00f3n y entendimiento sin claudicar los valores que se defienden.<\/p>\n\n\n\n<p>\u00abLa aniquilaci\u00f3n no es el camino, sino el di\u00e1logo y la prudencia; el inter\u00e9s de todos debe ser la estabilidad de Venezuela y no la p\u00e9rdida de vidas humanas\u00bb.<\/p>\n\n\n\n<p>Mar\u00eda Verdeal tild\u00f3 de il\u00f3gica la pretensi\u00f3n de apresar a Edmundo Gonz\u00e1lez Urrutia, cuando fue el mismo gobierno quien lo sac\u00f3 de Venezuela.<\/p>\n\n\n\n<p>\u201cSi todos los presuntos delitos que se le imputan a EGU los cometi\u00f3 antes de irse del pa\u00eds, \u00bfc\u00f3mo permitieron entonces que se fuera?\u00bb<\/p>\n\n\n\n<p>La dirigente de la tolda naranja consider\u00f3 que las amenazas del gobierno podr\u00edan formar parte de un guion y espera, que por el bien de todos, no se materialice porque se traducir\u00eda en m\u00e1s represi\u00f3n, persecuci\u00f3n y encarcelamientos.<\/p>\n\n\n\n<p>Record\u00f3 que el 28 de julio se gest\u00f3 una decisi\u00f3n y voluntad de cambio que sigue vigente en la conciencia de todos los venezolanos.<\/p>\n\n\n\n<p>Sobre la ratificaci\u00f3n de la junta directiva de la Asamblea Nacional, advirti\u00f3 que es la primera vez en la historia del parlamento que un diputado repite todos los per\u00edodos (5) como presidente, lo cual evidencia que tampoco hay alternabilidad en el poder legislativo.<\/p>\n\n\n\n<p>Verdeal rechaz\u00f3 el discurso del presidente de la AN, Jorge Rodr\u00edguez, en virtud de que estuvo cargado de mucha hostilidad y amedrentamiento hacia los venezolanos o cualquier ciudadano extranjero.<\/p>\n\n\n\n<p>Asever\u00f3 que la Asamblea Nacional ha legislado solamente para un sector del pa\u00eds y que las \u00faltimas leyes aprobadas, aparte de subjetivas, son totalmente violatorias e inconstitucionales, teniendo en cuenta los principios generales del derecho.<\/p>\n\n\n\n<p>\u201c\u00bfHacia donde va esta nueva AN en su \u00faltimo per\u00edodo? \u00bfA seguir acorralando a los venezolanos con su andamiaje legal? Preocupa esta situaci\u00f3n\u00bb, finaliz\u00f3.<br><strong><em>ET \/ Prensa MAS<\/em><\/strong><\/p>\n\n\n\n<p><\/p>\n","protected":false},"excerpt":{"rendered":"<p>ENTRE TORMENTAS. La vicepresidenta del MAS, Mar\u00eda Verdeal, manifest\u00f3 su inquietud por la intensificaci\u00f3n del&#8230;<\/p>\n","protected":false},"author":2,"featured_media":12014,"comment_status":"closed","ping_status":"open","sticky":false,"template":"","format":"standard","meta":{"footnotes":""},"categories":[49],"tags":[],"class_list":["post-12013","post","type-post","status-publish","format-standard","has-post-thumbnail","hentry","category-nacionales"],"_links":{"self":[{"href":"https:\/\/entretormentas.com\/index.php?rest_route=\/wp\/v2\/posts\/12013","targetHints":{"allow":["GET"]}}],"collection":[{"href":"https:\/\/entretormentas.com\/index.php?rest_route=\/wp\/v2\/posts"}],"about":[{"href":"https:\/\/entretormentas.com\/index.php?rest_route=\/wp\/v2\/types\/post"}],"author":[{"embeddable":true,"href":"https:\/\/entretormentas.com\/index.php?rest_route=\/wp\/v2\/users\/2"}],"replies":[{"embeddable":true,"href":"https:\/\/entretormentas.com\/index.php?rest_route=%2Fwp%2Fv2%2Fcomments&post=12013"}],"version-history":[{"count":1,"href":"https:\/\/entretormentas.com\/index.php?rest_route=\/wp\/v2\/posts\/12013\/revisions"}],"predecessor-version":[{"id":12015,"href":"https:\/\/entretormentas.com\/index.php?rest_route=\/wp\/v2\/posts\/12013\/revisions\/12015"}],"wp:featuredmedia":[{"embeddable":true,"href":"https:\/\/entretormentas.com\/index.php?rest_route=\/wp\/v2\/media\/12014"}],"wp:attachment":[{"href":"https:\/\/entretormentas.com\/index.php?rest_route=%2Fwp%2Fv2%2Fmedia&parent=12013"}],"wp:term":[{"taxonomy":"category","embeddable":true,"href":"https:\/\/entretormentas.com\/index.php?rest_route=%2Fwp%2Fv2%2Fcategories&post=12013"},{"taxonomy":"post_tag","embeddable":true,"href":"https:\/\/entretormentas.com\/index.php?rest_route=%2Fwp%2Fv2%2Ftags&post=12013"}],"curies":[{"name":"wp","href":"https:\/\/api.w.org\/{rel}","templated":true}]}}