{"id":12023,"date":"2025-01-07T08:07:00","date_gmt":"2025-01-07T07:07:00","guid":{"rendered":"https:\/\/entretormentas.com\/?p=12023"},"modified":"2025-01-07T08:07:01","modified_gmt":"2025-01-07T07:07:01","slug":"cabello-se-detendra-a-expresidentes-que-ingresen-a-venezuela-para-apoyar-a-edmundo-gonzalez","status":"publish","type":"post","link":"https:\/\/entretormentas.com\/cabello-se-detendra-a-expresidentes-que-ingresen-a-venezuela-para-apoyar-a-edmundo-gonzalez\/","title":{"rendered":"CABELLO: \u00abSe detendr\u00e1 a expresidentes que ingresen a Venezuela para apoyar a Edmundo Gonz\u00e1lez\u00bb"},"content":{"rendered":"\n<p><strong>ENTRE TORMENTAS. <\/strong>Diosdado Cabello, ministro de interior y justicia, expres\u00f3 este lunes que se encuentran trabajando para hacer del 2025 \u00abel a\u00f1o de la consolidaci\u00f3n de la paz en Venezuela\u00bb, y asegur\u00f3 que a pesar de que la oposici\u00f3n diga que Edmundo Gonz\u00e1lez asumir\u00e1 la Presidencia, quien se juramentar\u00e1 ser\u00e1 Nicol\u00e1s Maduro.<\/p>\n\n\n\n<p>\u00abDicen (la oposici\u00f3n) de una se\u00f1al que viene. Yo tengo s\u00ed tengo una se\u00f1al, pero no la puedo decir por televisi\u00f3n. No tienen nada, est\u00e1n enga\u00f1ando a la gente, diciendo qu\u00e9 van a hacer el 9 y el 10 de enero, pero no van a hacer nada. Aqu\u00ed va a asumir Nicol\u00e1s Maduro, y quien trate de afectar el orden, aqu\u00ed est\u00e1n los organismos\u00bb, expuso Cabello en rueda de prensa.<\/p>\n\n\n\n<p>Indic\u00f3 que \u00ablos cuarteles militares est\u00e1n en tranquilidad, los oficiales todav\u00eda est\u00e1n en sus permisos navide\u00f1os de todos los a\u00f1os, igual los organismos policiales\u00bb.<\/p>\n\n\n\n<p>Acot\u00f3 que la oposici\u00f3n \u00abse inventa cosas\u00bb y asever\u00f3 que \u00abel 10 de enero habr\u00e1 una realidad y es Nicol\u00e1s Maduro juramentado\u2026 Ellos (la oposici\u00f3n) quer\u00edan, pero no pudieron\u00bb.<\/p>\n\n\n\n<p>Ante las palabras de Edmundo Gonz\u00e1lez, quien ha dicho en reiteradas ocasiones que estar\u00e1 en Venezuela para asumir la Presidencia este 10, el ministro Diosdado Cabello dijo que \u00ab\u00bfEdmundo Gonz\u00e1lez despu\u00e9s que va a decir?, Que no pudo venir, pero que \u00e9l vendr\u00e1. Ojal\u00e1 tuviera coraje y viniera.<\/p>\n\n\n\n<p>Ejemplific\u00f3 con el caso del opositor Juan Guaid\u00f3 al destacar que que \u00ablos que se van, se van a disfrutar la plata\u2026. \u00bfT\u00fa crees que Guaid\u00f3 va a venir a Venezuela despu\u00e9s de todo lo que se rob\u00f3\u00bb.<\/p>\n\n\n\n<p>Indic\u00f3 que hay un v\u00ednculo \u201cpeligroso\u201d entre \u201csectores de banca con sectores de la derecha fascista, a la que no le importa nada con tal de asaltar el poder.. \u00bfQu\u00e9 le ofrecieron ellos al pa\u00eds? rutas del narcotr\u00e1fico porque Juan Guaid\u00f3 le ofreci\u00f3 a Iv\u00e1n Duque una ruta por la Guajira venezolana para el narcotr\u00e1fico\u201d.<\/p>\n\n\n\n<p>El ministro advirti\u00f3 que detendr\u00e1n a los expresidentes que ingresen a Venezuela para apoyar a Edmundo Gonz\u00e1lez el 10 de enero.<\/p>\n\n\n\n<p>\u201cHay unos personajes, muy desprestigiados, expresidentes de algunos pa\u00edses (\u2026) que dicen que van a venir a Venezuela, los estamos esperando, nadie los est\u00e1 invitando, su presencia aqu\u00ed indica una acci\u00f3n de invasi\u00f3n a un pa\u00eds y los estamos esperando como invasores y van a ser detenidos y puestos a la orden de la justicia\u201d, dijo para luego recordar que hay una orden de detenci\u00f3n contra Edmundo Gonz\u00e1lez.<br><strong><em>ET \/ Agencias<\/em><\/strong><\/p>\n","protected":false},"excerpt":{"rendered":"<p>ENTRE TORMENTAS. Diosdado Cabello, ministro de interior y justicia, expres\u00f3 este lunes que se encuentran&#8230;<\/p>\n","protected":false},"author":2,"featured_media":12024,"comment_status":"closed","ping_status":"open","sticky":false,"template":"","format":"standard","meta":{"footnotes":""},"categories":[56,49],"tags":[],"class_list":["post-12023","post","type-post","status-publish","format-standard","has-post-thumbnail","hentry","category-destacadas","category-nacionales"],"_links":{"self":[{"href":"https:\/\/entretormentas.com\/index.php?rest_route=\/wp\/v2\/posts\/12023","targetHints":{"allow":["GET"]}}],"collection":[{"href":"https:\/\/entretormentas.com\/index.php?rest_route=\/wp\/v2\/posts"}],"about":[{"href":"https:\/\/entretormentas.com\/index.php?rest_route=\/wp\/v2\/types\/post"}],"author":[{"embeddable":true,"href":"https:\/\/entretormentas.com\/index.php?rest_route=\/wp\/v2\/users\/2"}],"replies":[{"embeddable":true,"href":"https:\/\/entretormentas.com\/index.php?rest_route=%2Fwp%2Fv2%2Fcomments&post=12023"}],"version-history":[{"count":1,"href":"https:\/\/entretormentas.com\/index.php?rest_route=\/wp\/v2\/posts\/12023\/revisions"}],"predecessor-version":[{"id":12025,"href":"https:\/\/entretormentas.com\/index.php?rest_route=\/wp\/v2\/posts\/12023\/revisions\/12025"}],"wp:featuredmedia":[{"embeddable":true,"href":"https:\/\/entretormentas.com\/index.php?rest_route=\/wp\/v2\/media\/12024"}],"wp:attachment":[{"href":"https:\/\/entretormentas.com\/index.php?rest_route=%2Fwp%2Fv2%2Fmedia&parent=12023"}],"wp:term":[{"taxonomy":"category","embeddable":true,"href":"https:\/\/entretormentas.com\/index.php?rest_route=%2Fwp%2Fv2%2Fcategories&post=12023"},{"taxonomy":"post_tag","embeddable":true,"href":"https:\/\/entretormentas.com\/index.php?rest_route=%2Fwp%2Fv2%2Ftags&post=12023"}],"curies":[{"name":"wp","href":"https:\/\/api.w.org\/{rel}","templated":true}]}}