{"id":12033,"date":"2025-01-07T08:16:37","date_gmt":"2025-01-07T07:16:37","guid":{"rendered":"https:\/\/entretormentas.com\/?p=12033"},"modified":"2025-01-07T08:16:38","modified_gmt":"2025-01-07T07:16:38","slug":"encuentro-en-washington-edmundo-gonzalez-califica-la-reunion-con-biden-de-larga-fructifera-y-cordial","status":"publish","type":"post","link":"https:\/\/entretormentas.com\/encuentro-en-washington-edmundo-gonzalez-califica-la-reunion-con-biden-de-larga-fructifera-y-cordial\/","title":{"rendered":"\u00a1ENCUENTRO EN WASHINGTON! Edmundo Gonz\u00e1lez califica la reuni\u00f3n con Biden de \u00ablarga, fruct\u00edfera y cordial\u00bb"},"content":{"rendered":"\n<p><strong>ENTRE TORMENTAS. <\/strong>El opositor venezolano, Edmundo Gonz\u00e1lez Urrutia, afirm\u00f3 este lunes que la reuni\u00f3n que mantuvo en la Casa Blanca con el presidente de Estados Unidos, Joe Biden, fue \u00ablarga, fruct\u00edfera y cordial\u00bb.<\/p>\n\n\n\n<figure class=\"wp-block-image size-large\"><img fetchpriority=\"high\" decoding=\"async\" width=\"875\" height=\"1024\" src=\"https:\/\/entretormentas.com\/wp-content\/uploads\/2025\/01\/image-76-875x1024.png\" alt=\"\" class=\"wp-image-12035\" srcset=\"https:\/\/entretormentas.com\/wp-content\/uploads\/2025\/01\/image-76-875x1024.png 875w, https:\/\/entretormentas.com\/wp-content\/uploads\/2025\/01\/image-76-256x300.png 256w, https:\/\/entretormentas.com\/wp-content\/uploads\/2025\/01\/image-76-768x899.png 768w, https:\/\/entretormentas.com\/wp-content\/uploads\/2025\/01\/image-76.png 923w\" sizes=\"(max-width: 875px) 100vw, 875px\" \/><\/figure>\n\n\n\n<p>En breves declaraciones a la prensa tras el encuentro, Gonz\u00e1lez Urrutia afirm\u00f3 que Biden lo \u00abacompa\u00f1a de coraz\u00f3n\u00bb en su intento de regresar a Venezuela para la investidura del pr\u00f3ximo 10 de enero.<\/p>\n\n\n\n<p><strong>SE RE\u00daNE CON ALMAGRO EN LA OEA<\/strong><br>Luis Almagro, secretario general de la OEA, se pronunci\u00f3 sobre la reuni\u00f3n que sostuvo con Edmundo Gonz\u00e1lez en la sede de la OEA en Washington DC, Estados Unidos.<\/p>\n\n\n\n<p>Almagro reiter\u00f3 su \u201ccompromiso con la defensa de la democracia y la plena vigencia de los derechos humanos\u201d en Venezuela.<\/p>\n\n\n\n<figure class=\"wp-block-image size-large\"><img decoding=\"async\" width=\"1024\" height=\"682\" src=\"https:\/\/entretormentas.com\/wp-content\/uploads\/2025\/01\/image-77-1024x682.png\" alt=\"\" class=\"wp-image-12036\" srcset=\"https:\/\/entretormentas.com\/wp-content\/uploads\/2025\/01\/image-77-1024x682.png 1024w, https:\/\/entretormentas.com\/wp-content\/uploads\/2025\/01\/image-77-300x200.png 300w, https:\/\/entretormentas.com\/wp-content\/uploads\/2025\/01\/image-77-768x511.png 768w, https:\/\/entretormentas.com\/wp-content\/uploads\/2025\/01\/image-77.png 1280w\" sizes=\"(max-width: 1024px) 100vw, 1024px\" \/><\/figure>\n\n\n\n<p>Asimismo, resalt\u00f3 la importancia del informe de la misi\u00f3n de observaci\u00f3n electoral del Centro Carter en las elecciones presidenciales del #28Jul.<\/p>\n\n\n\n<p>\u201cSus conclusiones (del informe) lo se\u00f1alan como ganador de las elecciones presidenciales y la presentaci\u00f3n de las actas de votaci\u00f3n como evidencia ante el consejo permanente, todos elementos que no han sido refutados\u201d, indic\u00f3 el secretario general en X.<\/p>\n\n\n\n<p><strong>ET \/ EFE<\/strong><\/p>\n","protected":false},"excerpt":{"rendered":"<p>ENTRE TORMENTAS. El opositor venezolano, Edmundo Gonz\u00e1lez Urrutia, afirm\u00f3 este lunes que la reuni\u00f3n que&#8230;<\/p>\n","protected":false},"author":2,"featured_media":12034,"comment_status":"closed","ping_status":"open","sticky":false,"template":"","format":"standard","meta":{"footnotes":""},"categories":[56,48],"tags":[],"class_list":["post-12033","post","type-post","status-publish","format-standard","has-post-thumbnail","hentry","category-destacadas","category-internacionales"],"_links":{"self":[{"href":"https:\/\/entretormentas.com\/index.php?rest_route=\/wp\/v2\/posts\/12033","targetHints":{"allow":["GET"]}}],"collection":[{"href":"https:\/\/entretormentas.com\/index.php?rest_route=\/wp\/v2\/posts"}],"about":[{"href":"https:\/\/entretormentas.com\/index.php?rest_route=\/wp\/v2\/types\/post"}],"author":[{"embeddable":true,"href":"https:\/\/entretormentas.com\/index.php?rest_route=\/wp\/v2\/users\/2"}],"replies":[{"embeddable":true,"href":"https:\/\/entretormentas.com\/index.php?rest_route=%2Fwp%2Fv2%2Fcomments&post=12033"}],"version-history":[{"count":1,"href":"https:\/\/entretormentas.com\/index.php?rest_route=\/wp\/v2\/posts\/12033\/revisions"}],"predecessor-version":[{"id":12037,"href":"https:\/\/entretormentas.com\/index.php?rest_route=\/wp\/v2\/posts\/12033\/revisions\/12037"}],"wp:featuredmedia":[{"embeddable":true,"href":"https:\/\/entretormentas.com\/index.php?rest_route=\/wp\/v2\/media\/12034"}],"wp:attachment":[{"href":"https:\/\/entretormentas.com\/index.php?rest_route=%2Fwp%2Fv2%2Fmedia&parent=12033"}],"wp:term":[{"taxonomy":"category","embeddable":true,"href":"https:\/\/entretormentas.com\/index.php?rest_route=%2Fwp%2Fv2%2Fcategories&post=12033"},{"taxonomy":"post_tag","embeddable":true,"href":"https:\/\/entretormentas.com\/index.php?rest_route=%2Fwp%2Fv2%2Ftags&post=12033"}],"curies":[{"name":"wp","href":"https:\/\/api.w.org\/{rel}","templated":true}]}}