{"id":12048,"date":"2025-01-08T08:15:23","date_gmt":"2025-01-08T07:15:23","guid":{"rendered":"https:\/\/entretormentas.com\/?p=12048"},"modified":"2025-01-08T08:15:23","modified_gmt":"2025-01-08T07:15:23","slug":"alcalde-activo-evaluan-operativo-navideno-2024-e-inicio-del-plan-complementario-san-francisco-limpio-2025","status":"publish","type":"post","link":"https:\/\/entretormentas.com\/alcalde-activo-evaluan-operativo-navideno-2024-e-inicio-del-plan-complementario-san-francisco-limpio-2025\/","title":{"rendered":"\u00a1ALCALDE ACTIVO! Eval\u00faan operativo navide\u00f1o 2024 e inicio del Plan Complementario San Francisco Limpio 2025"},"content":{"rendered":"\n<p><strong>ENTRE TORMENTAS<\/strong>. En el primer encuentro semanal, con la presencia de las autoridades del Instituto P\u00fablico Municipal de Ambiente y Aseo Urbano (Imasur) Polisur y la gerencia de Prevenci\u00f3n y Seguridad Ciudadana, el alcalde de San Francisco Gustavo Fern\u00e1ndez, acompa\u00f1ado de parte de su gabinete municipal, analiz\u00f3 a detalle los resultados obtenidos en la recolecci\u00f3n de desechos s\u00f3lidos en las siete parroquias, luego de las festividades decembrinas e inici\u00f3 el Plan Complementario San Francisco Limpio 2025.<\/p>\n\n\n\n<p>Durante la reuni\u00f3n de trabajo, los participantes realizaron una exhaustiva revisi\u00f3n de los avances obtenidos en materia de aseo urbano, trazando nuevas estrategias para optimizar el servicio de recolecci\u00f3n de desechos s\u00f3lidos, garantizando un municipio limpio, para lo cual es necesario la participaci\u00f3n de todos, autoridades, sociedad civil y comunidad en general.<\/p>\n\n\n\n<figure class=\"wp-block-image size-large\"><img fetchpriority=\"high\" decoding=\"async\" width=\"1024\" height=\"650\" src=\"https:\/\/entretormentas.com\/wp-content\/uploads\/2025\/01\/image-84-1024x650.png\" alt=\"\" class=\"wp-image-12050\" srcset=\"https:\/\/entretormentas.com\/wp-content\/uploads\/2025\/01\/image-84-1024x650.png 1024w, https:\/\/entretormentas.com\/wp-content\/uploads\/2025\/01\/image-84-300x191.png 300w, https:\/\/entretormentas.com\/wp-content\/uploads\/2025\/01\/image-84-768x488.png 768w, https:\/\/entretormentas.com\/wp-content\/uploads\/2025\/01\/image-84.png 1280w\" sizes=\"(max-width: 1024px) 100vw, 1024px\" \/><\/figure>\n\n\n\n<p>La convocatoria estuvo encabezada por el Alcalde Fern\u00e1ndez y acompa\u00f1ada por el G\/B Erich G\u00f3mez Barreto, director general de Polisur; Carlos Calles, presidente de Imasur; Javier Solano, director de Aseo Urbano; Mario L\u00f3pez, director de saneamiento ambiental; Orlek Ferrer, gerente general del ayuntamiento; Romario Fuenmayor, gerente de operaciones; Gustavo Vecino, gerente de planificaci\u00f3n para el control de la gesti\u00f3n; Villapol Morales, director de despacho; y Donell Ocando, director de seguridad Ciudadana en San Francisco.<\/p>\n\n\n\n<p>De esta manera, con el esfuerzo conjunto entre los equipos de Imasur y los ciudadanos responsables la gesti\u00f3n municipal del alcalde Gustavo Fern\u00e1ndez, avanza en la consolidaci\u00f3n de las rutas de aseo urbano para mantener a San Francisco limpio y ordenado.<br><strong><em>ET \/ Alcald\u00eda de San Francisco<\/em><\/strong><\/p>\n","protected":false},"excerpt":{"rendered":"<p>ENTRE TORMENTAS. En el primer encuentro semanal, con la presencia de las autoridades del Instituto&#8230;<\/p>\n","protected":false},"author":2,"featured_media":12049,"comment_status":"closed","ping_status":"open","sticky":false,"template":"","format":"standard","meta":{"footnotes":""},"categories":[57,1],"tags":[],"class_list":["post-12048","post","type-post","status-publish","format-standard","has-post-thumbnail","hentry","category-actualidad","category-regionales"],"_links":{"self":[{"href":"https:\/\/entretormentas.com\/index.php?rest_route=\/wp\/v2\/posts\/12048","targetHints":{"allow":["GET"]}}],"collection":[{"href":"https:\/\/entretormentas.com\/index.php?rest_route=\/wp\/v2\/posts"}],"about":[{"href":"https:\/\/entretormentas.com\/index.php?rest_route=\/wp\/v2\/types\/post"}],"author":[{"embeddable":true,"href":"https:\/\/entretormentas.com\/index.php?rest_route=\/wp\/v2\/users\/2"}],"replies":[{"embeddable":true,"href":"https:\/\/entretormentas.com\/index.php?rest_route=%2Fwp%2Fv2%2Fcomments&post=12048"}],"version-history":[{"count":1,"href":"https:\/\/entretormentas.com\/index.php?rest_route=\/wp\/v2\/posts\/12048\/revisions"}],"predecessor-version":[{"id":12051,"href":"https:\/\/entretormentas.com\/index.php?rest_route=\/wp\/v2\/posts\/12048\/revisions\/12051"}],"wp:featuredmedia":[{"embeddable":true,"href":"https:\/\/entretormentas.com\/index.php?rest_route=\/wp\/v2\/media\/12049"}],"wp:attachment":[{"href":"https:\/\/entretormentas.com\/index.php?rest_route=%2Fwp%2Fv2%2Fmedia&parent=12048"}],"wp:term":[{"taxonomy":"category","embeddable":true,"href":"https:\/\/entretormentas.com\/index.php?rest_route=%2Fwp%2Fv2%2Fcategories&post=12048"},{"taxonomy":"post_tag","embeddable":true,"href":"https:\/\/entretormentas.com\/index.php?rest_route=%2Fwp%2Fv2%2Ftags&post=12048"}],"curies":[{"name":"wp","href":"https:\/\/api.w.org\/{rel}","templated":true}]}}