{"id":12052,"date":"2025-01-08T08:17:47","date_gmt":"2025-01-08T07:17:47","guid":{"rendered":"https:\/\/entretormentas.com\/?p=12052"},"modified":"2025-01-08T08:17:48","modified_gmt":"2025-01-08T07:17:48","slug":"al-ruedo-arias-cardenas-ratifica-disposicion-de-aspirar-a-la-gobernacion-del-zulia","status":"publish","type":"post","link":"https:\/\/entretormentas.com\/al-ruedo-arias-cardenas-ratifica-disposicion-de-aspirar-a-la-gobernacion-del-zulia\/","title":{"rendered":"\u00a1AL RUEDO! Arias C\u00e1rdenas ratifica disposici\u00f3n de aspirar a la Gobernaci\u00f3n del Zulia"},"content":{"rendered":"\n<p><strong>ENTRE TORMENTAS.<\/strong> Luego de su renuncia como embajador de Venezuela en M\u00e9xico, Francisco Arias C\u00e1rdenas, confirm\u00f3 su disposici\u00f3n de ser candidato a la Gobernaci\u00f3n del Zulia para las elecciones regionales de este 2025.<\/p>\n\n\n\n<p>El nombre de Arias C\u00e1rdenas comenz\u00f3 a sonar para esta Gobernaci\u00f3n desde su renuncia como embajador, pero no fue sino recientemente cuando \u00e9l mismo confirm\u00f3 su intenci\u00f3n de postularse.<\/p>\n\n\n\n<p>\u00abEstoy dispuesto a poner mi nombre a la orden del Zulia\u00bb, enfatiz\u00f3 Arias C\u00e1rdenas en entrevista con el programa \u2018A 8 Columnas\u2019.<\/p>\n\n\n\n<p>De lanzarse como candidato, se estima que sea por el Partido Socialista Unido de Venezuela (Psuv). El oficialista estuvo al frente a la Gobernaci\u00f3n en tres periodos.<br><strong><em>ET \/ Es Con Usted<\/em><\/strong><\/p>\n","protected":false},"excerpt":{"rendered":"<p>ENTRE TORMENTAS. Luego de su renuncia como embajador de Venezuela en M\u00e9xico, Francisco Arias C\u00e1rdenas,&#8230;<\/p>\n","protected":false},"author":2,"featured_media":12053,"comment_status":"closed","ping_status":"open","sticky":false,"template":"","format":"standard","meta":{"footnotes":""},"categories":[57,1],"tags":[],"class_list":["post-12052","post","type-post","status-publish","format-standard","has-post-thumbnail","hentry","category-actualidad","category-regionales"],"_links":{"self":[{"href":"https:\/\/entretormentas.com\/index.php?rest_route=\/wp\/v2\/posts\/12052","targetHints":{"allow":["GET"]}}],"collection":[{"href":"https:\/\/entretormentas.com\/index.php?rest_route=\/wp\/v2\/posts"}],"about":[{"href":"https:\/\/entretormentas.com\/index.php?rest_route=\/wp\/v2\/types\/post"}],"author":[{"embeddable":true,"href":"https:\/\/entretormentas.com\/index.php?rest_route=\/wp\/v2\/users\/2"}],"replies":[{"embeddable":true,"href":"https:\/\/entretormentas.com\/index.php?rest_route=%2Fwp%2Fv2%2Fcomments&post=12052"}],"version-history":[{"count":1,"href":"https:\/\/entretormentas.com\/index.php?rest_route=\/wp\/v2\/posts\/12052\/revisions"}],"predecessor-version":[{"id":12054,"href":"https:\/\/entretormentas.com\/index.php?rest_route=\/wp\/v2\/posts\/12052\/revisions\/12054"}],"wp:featuredmedia":[{"embeddable":true,"href":"https:\/\/entretormentas.com\/index.php?rest_route=\/wp\/v2\/media\/12053"}],"wp:attachment":[{"href":"https:\/\/entretormentas.com\/index.php?rest_route=%2Fwp%2Fv2%2Fmedia&parent=12052"}],"wp:term":[{"taxonomy":"category","embeddable":true,"href":"https:\/\/entretormentas.com\/index.php?rest_route=%2Fwp%2Fv2%2Fcategories&post=12052"},{"taxonomy":"post_tag","embeddable":true,"href":"https:\/\/entretormentas.com\/index.php?rest_route=%2Fwp%2Fv2%2Ftags&post=12052"}],"curies":[{"name":"wp","href":"https:\/\/api.w.org\/{rel}","templated":true}]}}