{"id":12065,"date":"2025-01-08T08:32:02","date_gmt":"2025-01-08T07:32:02","guid":{"rendered":"https:\/\/entretormentas.com\/?p=12065"},"modified":"2025-01-08T08:32:02","modified_gmt":"2025-01-08T07:32:02","slug":"crisis-diplomatica-gobierno-de-chile-pone-fin-a-la-mision-de-su-embajador-ante-venezuela","status":"publish","type":"post","link":"https:\/\/entretormentas.com\/crisis-diplomatica-gobierno-de-chile-pone-fin-a-la-mision-de-su-embajador-ante-venezuela\/","title":{"rendered":"\u00a1CRISIS DIPLOM\u00c1TICA! Gobierno de Chile pone fin a la misi\u00f3n de su embajador ante Venezuela"},"content":{"rendered":"\n<p><strong>ENTRE TORMENTAS.<\/strong> A trav\u00e9s de un comunicado de la Canciller\u00eda de Chile, el gobierno inform\u00f3 su decisi\u00f3n de poner fin a la misi\u00f3n de su embajador en Venezuela, Jaime Gazmuri.<\/p>\n\n\n\n<p>El Ministerio de Exteriores chileno indic\u00f3 que dicha medida se da en respuesta a \u00abla evoluci\u00f3n de los hechos\u00bb tras las elecciones celebradas en Venezuela en julio del a\u00f1o pasado, rese\u00f1\u00f3 Uni\u00f3n Radio.<\/p>\n\n\n\n<p>Mediante dicha notificaci\u00f3n el gobierno de Chile record\u00f3 que en agosto de 2024, el personal diplom\u00e1tico chileno fue expulsado de Caracas y que, desde entonces, ha ido en aumento la \u00abfalta de apertura\u00bb, la \u00abagudizaci\u00f3n de la crisis\u00bb y la falta del \u00abdesarrollo de un di\u00e1logo bilateral efectivo\u00bb.<br><strong><em>ET \/ Uni\u00f3n Radio<\/em><\/strong><\/p>\n\n\n\n<p><\/p>\n","protected":false},"excerpt":{"rendered":"<p>ENTRE TORMENTAS. A trav\u00e9s de un comunicado de la Canciller\u00eda de Chile, el gobierno inform\u00f3&#8230;<\/p>\n","protected":false},"author":2,"featured_media":12066,"comment_status":"closed","ping_status":"open","sticky":false,"template":"","format":"standard","meta":{"footnotes":""},"categories":[48],"tags":[],"class_list":["post-12065","post","type-post","status-publish","format-standard","has-post-thumbnail","hentry","category-internacionales"],"_links":{"self":[{"href":"https:\/\/entretormentas.com\/index.php?rest_route=\/wp\/v2\/posts\/12065","targetHints":{"allow":["GET"]}}],"collection":[{"href":"https:\/\/entretormentas.com\/index.php?rest_route=\/wp\/v2\/posts"}],"about":[{"href":"https:\/\/entretormentas.com\/index.php?rest_route=\/wp\/v2\/types\/post"}],"author":[{"embeddable":true,"href":"https:\/\/entretormentas.com\/index.php?rest_route=\/wp\/v2\/users\/2"}],"replies":[{"embeddable":true,"href":"https:\/\/entretormentas.com\/index.php?rest_route=%2Fwp%2Fv2%2Fcomments&post=12065"}],"version-history":[{"count":1,"href":"https:\/\/entretormentas.com\/index.php?rest_route=\/wp\/v2\/posts\/12065\/revisions"}],"predecessor-version":[{"id":12067,"href":"https:\/\/entretormentas.com\/index.php?rest_route=\/wp\/v2\/posts\/12065\/revisions\/12067"}],"wp:featuredmedia":[{"embeddable":true,"href":"https:\/\/entretormentas.com\/index.php?rest_route=\/wp\/v2\/media\/12066"}],"wp:attachment":[{"href":"https:\/\/entretormentas.com\/index.php?rest_route=%2Fwp%2Fv2%2Fmedia&parent=12065"}],"wp:term":[{"taxonomy":"category","embeddable":true,"href":"https:\/\/entretormentas.com\/index.php?rest_route=%2Fwp%2Fv2%2Fcategories&post=12065"},{"taxonomy":"post_tag","embeddable":true,"href":"https:\/\/entretormentas.com\/index.php?rest_route=%2Fwp%2Fv2%2Ftags&post=12065"}],"curies":[{"name":"wp","href":"https:\/\/api.w.org\/{rel}","templated":true}]}}