{"id":12068,"date":"2025-01-08T08:36:08","date_gmt":"2025-01-08T07:36:08","guid":{"rendered":"https:\/\/entretormentas.com\/?p=12068"},"modified":"2025-01-08T08:36:08","modified_gmt":"2025-01-08T07:36:08","slug":"mcm-estara-presente-comando-con-venezuela-publica-indicaciones-para-la-protesta-del-9ene","status":"publish","type":"post","link":"https:\/\/entretormentas.com\/mcm-estara-presente-comando-con-venezuela-publica-indicaciones-para-la-protesta-del-9ene\/","title":{"rendered":"\u00a1MCM ESTAR\u00c1 PRESENTE! Comando con Venezuela publica \u201cindicaciones\u201d para la protesta del #9Ene"},"content":{"rendered":"\n<p><strong>ENTRE TORMENTAS. <\/strong>El Comando con Venezuela hizo p\u00fablica una serie de \u201cindicaciones\u201d para que las personas afectas a la oposici\u00f3n tengan en cuenta al momento de salir a protestar el jueves 9 de enero.<\/p>\n\n\n\n<p>Mediante sus redes sociales, el Comando con Venezuela subray\u00f3 que la misi\u00f3n de los venezolanos es salir a la calle junto a sus familiares, vecinos y amigos y, adem\u00e1s, \u201cseguir las instrucciones\u201d que enviar\u00e1n los l\u00edderes opositores y voceros del movimiento pol\u00edtico.<\/p>\n\n\n\n<p>Asegur\u00f3 que ser\u00e1n cuatro los objetivos de esta actividad, siendo estos \u201clograr que funcionarios militares y policiales no cumplan las \u00f3rdenes ilegales de Maduro\u201d; \u201cmanifestar el respaldo de los ciudadanos a los funcionarios civiles y militares que defiendan la democracia y la Constituci\u00f3n\u201d; \u201cdemostrar que el r\u00e9gimen no tiene capacidad de controlar todo el territorio\u201d y \u201ccolmar todas las calles del pa\u00eds\u201d.<\/p>\n\n\n\n<p>Ante esto, subray\u00f3 la importancia de no manchar la protesta con violencia. \u201cNo a toda violencia\u201d, reza parte de las indicaciones publicada por Instagram.<\/p>\n\n\n\n<figure class=\"wp-block-image size-large\"><img fetchpriority=\"high\" decoding=\"async\" width=\"1024\" height=\"768\" src=\"https:\/\/entretormentas.com\/wp-content\/uploads\/2025\/01\/image-94-1024x768.png\" alt=\"\" class=\"wp-image-12070\" srcset=\"https:\/\/entretormentas.com\/wp-content\/uploads\/2025\/01\/image-94-1024x768.png 1024w, https:\/\/entretormentas.com\/wp-content\/uploads\/2025\/01\/image-94-300x225.png 300w, https:\/\/entretormentas.com\/wp-content\/uploads\/2025\/01\/image-94-768x576.png 768w, https:\/\/entretormentas.com\/wp-content\/uploads\/2025\/01\/image-94.png 1068w\" sizes=\"(max-width: 1024px) 100vw, 1024px\" \/><\/figure>\n\n\n\n<p><strong>MAR\u00cdA CORINA ESTAR\u00c1 PRESENTE<\/strong><br>La l\u00edder opositora de Venezuela, Mar\u00eda Corina Machado, confirm\u00f3 este martes que saldr\u00e1 de la clandestinidad y asistir\u00e1 a la manifestaci\u00f3n que convoc\u00f3 para el 9 de enero, un d\u00eda antes de la toma de posesi\u00f3n presidencial, que tanto el oficialista Nicol\u00e1s Maduro como el opositor Edmundo Gonz\u00e1lez Urrutia prometen asumir.<\/p>\n\n\n\n<p>\u00abPor nada del mundo yo me pierdo ese d\u00eda. Esto es un d\u00eda hist\u00f3rico, esto es un d\u00eda en el cual todos los venezolanos queremos ser parte\u00bb, dijo la exdiputada en una rueda de prensa virtual, en la que insisti\u00f3 en la reivindicaci\u00f3n de la victoria de Gonz\u00e1lez Urrutia en las presidenciales del 28 de julio, pese a que el Consejo Nacional Electoral (CNE) dio el triunfo a Maduro, un resultado rechazado por la oposici\u00f3n y una parte de la comunidad internacional.<\/p>\n\n\n\n<p>La cita, a la que convoc\u00f3 a \u00abtodos (incluidos) los ni\u00f1os, los j\u00f3venes y, muy importante, las abuelas\u00bb, es a las 10 de la ma\u00f1ana en todas las ciudades y pueblos de Venezuela y, en el resto del mundo, cada pa\u00eds acorde a su horario local.<\/p>\n\n\n\n<p>Pidi\u00f3 a los asistentes que acudan con camisetas con los colores de la bandera, amarillo, azul o rojo, \u00abque cada quien escoja el color que quiera\u00bb.<br><strong><em>ET \/ EFE<\/em><\/strong><\/p>\n\n\n\n<p><\/p>\n","protected":false},"excerpt":{"rendered":"<p>ENTRE TORMENTAS. El Comando con Venezuela hizo p\u00fablica una serie de \u201cindicaciones\u201d para que las&#8230;<\/p>\n","protected":false},"author":2,"featured_media":12069,"comment_status":"closed","ping_status":"open","sticky":false,"template":"","format":"standard","meta":{"footnotes":""},"categories":[49],"tags":[],"class_list":["post-12068","post","type-post","status-publish","format-standard","has-post-thumbnail","hentry","category-nacionales"],"_links":{"self":[{"href":"https:\/\/entretormentas.com\/index.php?rest_route=\/wp\/v2\/posts\/12068","targetHints":{"allow":["GET"]}}],"collection":[{"href":"https:\/\/entretormentas.com\/index.php?rest_route=\/wp\/v2\/posts"}],"about":[{"href":"https:\/\/entretormentas.com\/index.php?rest_route=\/wp\/v2\/types\/post"}],"author":[{"embeddable":true,"href":"https:\/\/entretormentas.com\/index.php?rest_route=\/wp\/v2\/users\/2"}],"replies":[{"embeddable":true,"href":"https:\/\/entretormentas.com\/index.php?rest_route=%2Fwp%2Fv2%2Fcomments&post=12068"}],"version-history":[{"count":1,"href":"https:\/\/entretormentas.com\/index.php?rest_route=\/wp\/v2\/posts\/12068\/revisions"}],"predecessor-version":[{"id":12071,"href":"https:\/\/entretormentas.com\/index.php?rest_route=\/wp\/v2\/posts\/12068\/revisions\/12071"}],"wp:featuredmedia":[{"embeddable":true,"href":"https:\/\/entretormentas.com\/index.php?rest_route=\/wp\/v2\/media\/12069"}],"wp:attachment":[{"href":"https:\/\/entretormentas.com\/index.php?rest_route=%2Fwp%2Fv2%2Fmedia&parent=12068"}],"wp:term":[{"taxonomy":"category","embeddable":true,"href":"https:\/\/entretormentas.com\/index.php?rest_route=%2Fwp%2Fv2%2Fcategories&post=12068"},{"taxonomy":"post_tag","embeddable":true,"href":"https:\/\/entretormentas.com\/index.php?rest_route=%2Fwp%2Fv2%2Ftags&post=12068"}],"curies":[{"name":"wp","href":"https:\/\/api.w.org\/{rel}","templated":true}]}}